{"id":13719,"date":"2024-04-17T11:22:15","date_gmt":"2024-04-17T14:22:15","guid":{"rendered":"https:\/\/diariorepublica.com.ar\/web\/?p=13719"},"modified":"2024-04-17T11:22:18","modified_gmt":"2024-04-17T14:22:18","slug":"lanata-confirmo-que-hoy-presenta-las-demandas-contra-javier-milei","status":"publish","type":"post","link":"https:\/\/diariorepublica.com.ar\/web\/index.php\/politica\/2024\/04\/17\/lanata-confirmo-que-hoy-presenta-las-demandas-contra-javier-milei\/","title":{"rendered":"Lanata confirm\u00f3 que hoy presenta las demandas contra Javier Milei"},"content":{"rendered":"<p>El periodista Jorge Lanata ratific\u00f3 que llevar\u00e1 a la Justicia al presidente Javier Milei y que este mi\u00e9rcoles presentar\u00e1 las dos demandas, una penal y otra civil. Se da luego de que el jefe de Estado lo acusara de \u201crecibir sobres y mentir\u201d al brindar informaci\u00f3n del Gobierno nacional.<\/p>\n<p>\u201cYo no puedo aceptar que me diga cualquier cosa. Porque si lo acepto, lo convalido. Me voy a presentar y lo voy a discutir\u201d; se descarg\u00f3 el conductor de Periodismo para Todos<\/p>\n<p>\u201cAcus\u00f3 a tipos en muchos casos inacusables. No tengo claro si esto es una l\u00ednea, si est\u00e1 deliberado o no, lo que creo es que es un ejemplo de intolerancia. Es un camino autoritario y que as\u00ed no se va a llegar a ning\u00fan lado. No se puede dejar que esto siga as\u00ed.. Y encima van solo cuatro meses de gobierno, imaginate en dos a\u00f1os\u201d<strong>,<\/strong>\u00a0insisti\u00f3 Lanata.<\/p>\n<p>Y sigui\u00f3: \u00abTiene algunas cosas parecidas a los Kirchner en cuanto a que, frente a un tema, dobla la apuesta, por ejemplo. En ese sentido es bastante parecido. No lo estoy comparando, digo esto porque hay muchos fan\u00e1ticos de Milei que dicen no, no est\u00e1s comparando con Cristina. Por ahora, por lo menos por lo que parece, no es comparable. Nadie duda hoy de la honestidad de Milei, de modo que no es comparable. Ahora, en la personalidad, s\u00ed creo que hay cosas que son comparables, y bueno, y est\u00e1 este tema. El tema de no dejarse arrinconar.<\/p>\n<p>En ese sentido, consider\u00f3: \u00abNo creo que Milei sea autocr\u00e1tico, se comporta como un mon\u00e1rquico<strong>.\u00a0<\/strong>Cuando alguien gana, gana una parte en detrimento de la otra. As\u00ed fue siempre en Argentina a excepci\u00f3n de algunos momentos. Nunca escuch\u00e9 que se hablara de la Argentina entera y se gobernara de ese modo\u00bb, desliz\u00f3 en otro tramo de la entrevista.<\/p>\n<p><strong>\u00ab<\/strong>No se puede decir cualquier cosa de cualquiera\u00bb<strong>,<\/strong>\u00a0finaliz\u00f3 Lanata.<\/p>\n","protected":false},"excerpt":{"rendered":"<p>El periodista Jorge Lanata ratific\u00f3 que llevar\u00e1 a la Justicia al presidente Javier Milei y que este mi\u00e9rcoles presentar\u00e1 las<\/p>\n","protected":false},"author":2,"featured_media":13729,"comment_status":"closed","ping_status":"closed","sticky":false,"template":"","format":"standard","meta":{"footnotes":"","jetpack_publicize_message":"","jetpack_publicize_feature_enabled":true,"jetpack_social_post_already_shared":true,"jetpack_social_options":{"image_generator_settings":{"template":"highway","enabled":false},"version":2}},"categories":[12],"tags":[],"class_list":["post-13719","post","type-post","status-publish","format-standard","has-post-thumbnail","hentry","category-politica"],"jetpack_publicize_connections":[],"_links":{"self":[{"href":"https:\/\/diariorepublica.com.ar\/web\/index.php\/wp-json\/wp\/v2\/posts\/13719"}],"collection":[{"href":"https:\/\/diariorepublica.com.ar\/web\/index.php\/wp-json\/wp\/v2\/posts"}],"about":[{"href":"https:\/\/diariorepublica.com.ar\/web\/index.php\/wp-json\/wp\/v2\/types\/post"}],"author":[{"embeddable":true,"href":"https:\/\/diariorepublica.com.ar\/web\/index.php\/wp-json\/wp\/v2\/users\/2"}],"replies":[{"embeddable":true,"href":"https:\/\/diariorepublica.com.ar\/web\/index.php\/wp-json\/wp\/v2\/comments?post=13719"}],"version-history":[{"count":1,"href":"https:\/\/diariorepublica.com.ar\/web\/index.php\/wp-json\/wp\/v2\/posts\/13719\/revisions"}],"predecessor-version":[{"id":13730,"href":"https:\/\/diariorepublica.com.ar\/web\/index.php\/wp-json\/wp\/v2\/posts\/13719\/revisions\/13730"}],"wp:featuredmedia":[{"embeddable":true,"href":"https:\/\/diariorepublica.com.ar\/web\/index.php\/wp-json\/wp\/v2\/media\/13729"}],"wp:attachment":[{"href":"https:\/\/diariorepublica.com.ar\/web\/index.php\/wp-json\/wp\/v2\/media?parent=13719"}],"wp:term":[{"taxonomy":"category","embeddable":true,"href":"https:\/\/diariorepublica.com.ar\/web\/index.php\/wp-json\/wp\/v2\/categories?post=13719"},{"taxonomy":"post_tag","embeddable":true,"href":"https:\/\/diariorepublica.com.ar\/web\/index.php\/wp-json\/wp\/v2\/tags?post=13719"}],"curies":[{"name":"wp","href":"https:\/\/api.w.org\/{rel}","templated":true}]}}