{"id":13720,"date":"2024-04-17T10:57:17","date_gmt":"2024-04-17T13:57:17","guid":{"rendered":"https:\/\/diariorepublica.com.ar\/web\/?p=13720"},"modified":"2024-04-17T10:57:19","modified_gmt":"2024-04-17T13:57:19","slug":"dia-internacional-del-malbec-por-que-se-celebra-el-17-de-abril","status":"publish","type":"post","link":"https:\/\/diariorepublica.com.ar\/web\/index.php\/sociedad\/2024\/04\/17\/dia-internacional-del-malbec-por-que-se-celebra-el-17-de-abril\/","title":{"rendered":"D\u00eda Internacional del Malbec: por qu\u00e9 se celebra el 17 de abril"},"content":{"rendered":"<article id=\"article-post\" class=\"first\">\n<div class=\"cuerpo\" data-twitter-link=\"https:\/\/twitter.com\/intent\/tweet?url=https:\/\/www.diariopopular.com.ar\/c782466&amp;via=poopulardiario&amp;related=Popular&amp;text=\">\n<p>Este martes 17 de abril, como todos los 17 de abril desde 2011, se celebra el\u00a0<strong>\u00abD\u00eda Mundial del Malbec\u00bb<\/strong>, para conmemorar la fecha en la que el presidente\u00a0<strong>Domingo Faustino Sarmiento<\/strong>\u00a0inicio una revoluci\u00f3n en la industria vitivin\u00edcola de nuestro pa\u00eds al introducir diversas variedades de uvas incluyendo la tradicional Malbec, que comenz\u00f3 a ser importada desde Francia en 1853.<\/p>\n<\/div>\n<\/article>\n<article id=\"article-post\">\n<div class=\"cuerpo\" data-twitter-link=\"https:\/\/twitter.com\/intent\/tweet?url=https:\/\/www.diariopopular.com.ar\/c782466&amp;via=poopulardiario&amp;related=Popular&amp;text=\">\n<p>Ese d\u00eda, Sarmiento le encomend\u00f3 a\u00a0<strong>Michel Aim\u00e9 Pouget<\/strong>, un experto en suelos de origen franc\u00e9s, la tarea de traer a la Argentina nuevos varietales, entre los cuales se encontraba el Malbec.<\/p>\n<p>Con los a\u00f1os,<strong>\u00a0el Malbec se convirti\u00f3 en el tipo de vino m\u00e1s popular de estas tierras<\/strong>, y desde la d\u00e9cada de los 90 como el m\u00e1s conocido y pedido de la Argentina en el resto del mundo.<\/p>\n<p>Por este motivo, la entidad responsable de comunicar la marca argentina de vino alrededor del planeta,\u00a0<strong>Wines of Argentina<\/strong>, estableci\u00f3 al 17 de abril pare festejar este varietal y terminar de posicionar a este pa\u00eds como uno de los epicentros enol\u00f3gicos del mundo.<\/p>\n<p>En el marco del D\u00eda Internacional del Malbec se realizan<strong>\u00a0eventos especiales, degustaciones, catas y promociones en las vinotecas<\/strong>\u00a0y bares especializados de la Argentina y tambi\u00e9n de todo el mundo. El objetivo es claro: honrar el legado y la contribuci\u00f3n que el Malbec ha hecho al mundo del vino.<\/p>\n<\/div>\n<\/article>\n","protected":false},"excerpt":{"rendered":"<p>Este martes 17 de abril, como todos los 17 de abril desde 2011, se celebra el\u00a0\u00abD\u00eda Mundial del Malbec\u00bb, para<\/p>\n","protected":false},"author":1,"featured_media":13721,"comment_status":"closed","ping_status":"closed","sticky":false,"template":"","format":"standard","meta":{"footnotes":"","jetpack_publicize_message":"","jetpack_publicize_feature_enabled":true,"jetpack_social_post_already_shared":true,"jetpack_social_options":{"image_generator_settings":{"template":"highway","enabled":false},"version":2}},"categories":[3],"tags":[],"class_list":["post-13720","post","type-post","status-publish","format-standard","has-post-thumbnail","hentry","category-sociedad"],"jetpack_publicize_connections":[],"_links":{"self":[{"href":"https:\/\/diariorepublica.com.ar\/web\/index.php\/wp-json\/wp\/v2\/posts\/13720"}],"collection":[{"href":"https:\/\/diariorepublica.com.ar\/web\/index.php\/wp-json\/wp\/v2\/posts"}],"about":[{"href":"https:\/\/diariorepublica.com.ar\/web\/index.php\/wp-json\/wp\/v2\/types\/post"}],"author":[{"embeddable":true,"href":"https:\/\/diariorepublica.com.ar\/web\/index.php\/wp-json\/wp\/v2\/users\/1"}],"replies":[{"embeddable":true,"href":"https:\/\/diariorepublica.com.ar\/web\/index.php\/wp-json\/wp\/v2\/comments?post=13720"}],"version-history":[{"count":1,"href":"https:\/\/diariorepublica.com.ar\/web\/index.php\/wp-json\/wp\/v2\/posts\/13720\/revisions"}],"predecessor-version":[{"id":13722,"href":"https:\/\/diariorepublica.com.ar\/web\/index.php\/wp-json\/wp\/v2\/posts\/13720\/revisions\/13722"}],"wp:featuredmedia":[{"embeddable":true,"href":"https:\/\/diariorepublica.com.ar\/web\/index.php\/wp-json\/wp\/v2\/media\/13721"}],"wp:attachment":[{"href":"https:\/\/diariorepublica.com.ar\/web\/index.php\/wp-json\/wp\/v2\/media?parent=13720"}],"wp:term":[{"taxonomy":"category","embeddable":true,"href":"https:\/\/diariorepublica.com.ar\/web\/index.php\/wp-json\/wp\/v2\/categories?post=13720"},{"taxonomy":"post_tag","embeddable":true,"href":"https:\/\/diariorepublica.com.ar\/web\/index.php\/wp-json\/wp\/v2\/tags?post=13720"}],"curies":[{"name":"wp","href":"https:\/\/api.w.org\/{rel}","templated":true}]}}