{"id":13723,"date":"2024-04-17T10:58:20","date_gmt":"2024-04-17T13:58:20","guid":{"rendered":"https:\/\/diariorepublica.com.ar\/web\/?p=13723"},"modified":"2024-04-17T10:58:22","modified_gmt":"2024-04-17T13:58:22","slug":"milei-esta-entre-las-100-personas-mas-influyentes-del-mundo-segun-la-revista-times","status":"publish","type":"post","link":"https:\/\/diariorepublica.com.ar\/web\/index.php\/nacionales\/2024\/04\/17\/milei-esta-entre-las-100-personas-mas-influyentes-del-mundo-segun-la-revista-times\/","title":{"rendered":"Milei est\u00e1 entre las 100 personas m\u00e1s influyentes del mundo, seg\u00fan la revista Times"},"content":{"rendered":"<div class=\"small-12\">\n<div class=\"main_media_container\">\n<div class=\"e-post-loading\">\n<div class=\"e-spinner\">\n<div class=\"rect1\"><span style=\"font-size: 15px;\">El presidente Javier Milei aparece en el r\u00e1nking de las 100 personas m\u00e1s influyentes del mundo que confecciona cada a\u00f1o la revista Time.<\/span><\/div>\n<\/div>\n<\/div>\n<\/div>\n<\/div>\n<div class=\"small-12 medium-12 large-12 columns \">\n<div class=\"e-post-text\">\n<p>De acuerdo con la rese\u00f1a de la publicaci\u00f3n, el jefe de Estado argentino se transform\u00f3 \u00aben un \u00edcono mundial para la derecha\u00bb.<\/p>\n<p>\u00abAunque es demasiado pronto para saber si las medidas del nuevo Presidente tendr\u00e1n \u00e9xito, est\u00e1 claro que ha acertado en una cosa: con Milei en el poder, Argentina no tendr\u00e1 vuelta atr\u00e1s\u00bb, considera el art\u00edculo.<\/p>\n<p>La\u00a0lista de 100 personas m\u00e1s influyentes de la revista\u00a0se divide en artistas, \u00edconos, l\u00edderes, titanes, innovadores y pioneros.<\/p>\n<p>All\u00ed figura, adem\u00e1s de Milei y otras personalidades,\u00a0Yulia Navalnaya, la viuda de Alexei Navalny, el disidente ruso encarcelado por Vlad\u00edmir Putin.<\/p>\n<p>Time destac\u00f3 tambi\u00e9n las figuras de la ganadora del Premio Nobel de la Paz 2023, Narges Mohammadi; el primer ministro de Polonia, Donald Tusk; el vicepresidente de China, William Lai; el gobernador de Texas, Greg Abbott; la ministra de Medio Ambiente de Brasil, Marina Silva; el director de la CIA, William Burns.<\/p>\n<p>Asimismo,\u00a0est\u00e1n Jean Carroll, la escritora y periodista que le gan\u00f3 un juicio al ex presidente de Estados Unidos, Donald Trump; la presidenta de la Conferencia de los Oc\u00e9anos, Rena Lee; el presidente de Filipinas, Ferdinand \u201cBongbong\u201d Marcos; el ministro de Relaciones Exteriores de Catar, Mohammed bin Abdulrahman Al Thani; la primera ministra de Italia, Giorgia Meloni, entre otros.<\/p>\n<p>Por el lado de los \u00abartistas\u00bb, la portada de la seccion tiene a Dua Lipa, mientras que la\u00a0actriz y cantante estadounidense\u00a0Taraji P. Henson\u00a0se destaca en\u00a0\u00ab\u00edconos\u00bb.<\/p>\n<p>Entre los \u201ctitanes\u201d, aparece la\u00a0estrella de f\u00fatbol americano\u00a0Patrick Mahomes; el\u00a0CEO de Nvidia, Jensen Huang,\u00a0encabeza a los \u201cinnovadores\u201d,\u00a0y se ubica en lugar sobresaliente en\u00a0\u201cpioneros\u201d la actriz a Am\u00e9rica Ferrera,\u00a0protagonista de la versi\u00f3n estadounidense de Betty la Fea, quien adem\u00e1s particip\u00f3 en la pel\u00edcula Barbie.<\/p>\n<\/div>\n<\/div>\n","protected":false},"excerpt":{"rendered":"<p>El presidente Javier Milei aparece en el r\u00e1nking de las 100 personas m\u00e1s influyentes del mundo que confecciona cada a\u00f1o<\/p>\n","protected":false},"author":1,"featured_media":13724,"comment_status":"closed","ping_status":"closed","sticky":false,"template":"","format":"standard","meta":{"footnotes":"","jetpack_publicize_message":"","jetpack_publicize_feature_enabled":true,"jetpack_social_post_already_shared":true,"jetpack_social_options":{"image_generator_settings":{"template":"highway","enabled":false},"version":2}},"categories":[4],"tags":[],"class_list":["post-13723","post","type-post","status-publish","format-standard","has-post-thumbnail","hentry","category-nacionales"],"jetpack_publicize_connections":[],"_links":{"self":[{"href":"https:\/\/diariorepublica.com.ar\/web\/index.php\/wp-json\/wp\/v2\/posts\/13723"}],"collection":[{"href":"https:\/\/diariorepublica.com.ar\/web\/index.php\/wp-json\/wp\/v2\/posts"}],"about":[{"href":"https:\/\/diariorepublica.com.ar\/web\/index.php\/wp-json\/wp\/v2\/types\/post"}],"author":[{"embeddable":true,"href":"https:\/\/diariorepublica.com.ar\/web\/index.php\/wp-json\/wp\/v2\/users\/1"}],"replies":[{"embeddable":true,"href":"https:\/\/diariorepublica.com.ar\/web\/index.php\/wp-json\/wp\/v2\/comments?post=13723"}],"version-history":[{"count":1,"href":"https:\/\/diariorepublica.com.ar\/web\/index.php\/wp-json\/wp\/v2\/posts\/13723\/revisions"}],"predecessor-version":[{"id":13725,"href":"https:\/\/diariorepublica.com.ar\/web\/index.php\/wp-json\/wp\/v2\/posts\/13723\/revisions\/13725"}],"wp:featuredmedia":[{"embeddable":true,"href":"https:\/\/diariorepublica.com.ar\/web\/index.php\/wp-json\/wp\/v2\/media\/13724"}],"wp:attachment":[{"href":"https:\/\/diariorepublica.com.ar\/web\/index.php\/wp-json\/wp\/v2\/media?parent=13723"}],"wp:term":[{"taxonomy":"category","embeddable":true,"href":"https:\/\/diariorepublica.com.ar\/web\/index.php\/wp-json\/wp\/v2\/categories?post=13723"},{"taxonomy":"post_tag","embeddable":true,"href":"https:\/\/diariorepublica.com.ar\/web\/index.php\/wp-json\/wp\/v2\/tags?post=13723"}],"curies":[{"name":"wp","href":"https:\/\/api.w.org\/{rel}","templated":true}]}}