{"id":1373,"date":"2023-04-13T07:42:53","date_gmt":"2023-04-13T10:42:53","guid":{"rendered":"https:\/\/diariorepublica.com.ar\/web\/?p=1373"},"modified":"2023-04-13T07:42:54","modified_gmt":"2023-04-13T10:42:54","slug":"rocotex-inaugura-su-planta-industrial-ubicada-en-el-pantanillo","status":"publish","type":"post","link":"https:\/\/diariorepublica.com.ar\/web\/index.php\/politica\/2023\/04\/13\/rocotex-inaugura-su-planta-industrial-ubicada-en-el-pantanillo\/","title":{"rendered":"Rocotex inaugura su planta industrial ubicada en El Pantanillo"},"content":{"rendered":"<p>En el d\u00eda de hoy se inaugurar\u00e1 Rocotex, la nueva empresa de la firma Derwill que se instal\u00f3 en Catamarca y confecciona medias de marca Adidas para exportar a Chile. Participar\u00e1n el gobernador Ra\u00fal Jalil, el ministro de Industria, Comercio y Empleo Lisandro \u00c1lvarez, el ministro del Interior Eduardo \u201cWado\u201d De Pedro y algunos representantes de Adidas en Argentina.<\/p>\n<p>El propietario de la nueva f\u00e1brica Marcelo L\u00f3pez Imizcoz, coment\u00f3: \u201cEstamos en Malvinas Argentinas hoy con 270 personas trabajando y con 200 m\u00e1quinas, exportamos el 80% de nuestra producci\u00f3n a Brasil, Chile, Per\u00fa y Uruguay. El desaf\u00edo que tenemos hoy es instalar en Catamarca una planta, que es del 20% de la que est\u00e1 en Buenos Aires, para seguir exportando a Chile la marca Adidas\u201d.<\/p>\n<p>En este sentido, el due\u00f1o ampli\u00f3: \u201cEstamos muy contentos, se contact\u00f3 con nosotros, Lisandro \u00c1lvarez, el ministro de Industria, con Alejandro Papo, un amigo m\u00edo, y me ofrecieron invertir en Catamarca. Hace dos meses estamos con esto y ya se est\u00e1 produciendo. En total van a ser entre 60 y 70 personas en esta primera etapa, ahora estamos trabajando solamente de d\u00eda. Estamos capacitando a la gente para que pueda trabajar tranquila\u201d.<\/p>\n","protected":false},"excerpt":{"rendered":"<p>En el d\u00eda de hoy se inaugurar\u00e1 Rocotex, la nueva empresa de la firma Derwill que se instal\u00f3 en Catamarca<\/p>\n","protected":false},"author":2,"featured_media":1382,"comment_status":"closed","ping_status":"closed","sticky":false,"template":"","format":"standard","meta":{"footnotes":"","jetpack_publicize_message":"","jetpack_publicize_feature_enabled":true,"jetpack_social_post_already_shared":false,"jetpack_social_options":{"image_generator_settings":{"template":"highway","enabled":false},"version":2}},"categories":[12],"tags":[],"class_list":["post-1373","post","type-post","status-publish","format-standard","has-post-thumbnail","hentry","category-politica"],"jetpack_publicize_connections":[],"_links":{"self":[{"href":"https:\/\/diariorepublica.com.ar\/web\/index.php\/wp-json\/wp\/v2\/posts\/1373"}],"collection":[{"href":"https:\/\/diariorepublica.com.ar\/web\/index.php\/wp-json\/wp\/v2\/posts"}],"about":[{"href":"https:\/\/diariorepublica.com.ar\/web\/index.php\/wp-json\/wp\/v2\/types\/post"}],"author":[{"embeddable":true,"href":"https:\/\/diariorepublica.com.ar\/web\/index.php\/wp-json\/wp\/v2\/users\/2"}],"replies":[{"embeddable":true,"href":"https:\/\/diariorepublica.com.ar\/web\/index.php\/wp-json\/wp\/v2\/comments?post=1373"}],"version-history":[{"count":1,"href":"https:\/\/diariorepublica.com.ar\/web\/index.php\/wp-json\/wp\/v2\/posts\/1373\/revisions"}],"predecessor-version":[{"id":1384,"href":"https:\/\/diariorepublica.com.ar\/web\/index.php\/wp-json\/wp\/v2\/posts\/1373\/revisions\/1384"}],"wp:featuredmedia":[{"embeddable":true,"href":"https:\/\/diariorepublica.com.ar\/web\/index.php\/wp-json\/wp\/v2\/media\/1382"}],"wp:attachment":[{"href":"https:\/\/diariorepublica.com.ar\/web\/index.php\/wp-json\/wp\/v2\/media?parent=1373"}],"wp:term":[{"taxonomy":"category","embeddable":true,"href":"https:\/\/diariorepublica.com.ar\/web\/index.php\/wp-json\/wp\/v2\/categories?post=1373"},{"taxonomy":"post_tag","embeddable":true,"href":"https:\/\/diariorepublica.com.ar\/web\/index.php\/wp-json\/wp\/v2\/tags?post=1373"}],"curies":[{"name":"wp","href":"https:\/\/api.w.org\/{rel}","templated":true}]}}