{"id":13740,"date":"2024-04-18T07:37:26","date_gmt":"2024-04-18T10:37:26","guid":{"rendered":"https:\/\/diariorepublica.com.ar\/web\/?p=13740"},"modified":"2024-04-18T07:37:28","modified_gmt":"2024-04-18T10:37:28","slug":"raul-y-el-representante-del-bid-analizaron-la-financiacion-de-tres-obras-de-envergadura-para-catamarca","status":"publish","type":"post","link":"https:\/\/diariorepublica.com.ar\/web\/index.php\/locales\/2024\/04\/18\/raul-y-el-representante-del-bid-analizaron-la-financiacion-de-tres-obras-de-envergadura-para-catamarca\/","title":{"rendered":"Ra\u00fal y el representante del BID analizaron la financiaci\u00f3n de tres obras de envergadura para Catamarca"},"content":{"rendered":"<p>En el marco de su agenda en Buenos Aires, el gobernador Ra\u00fal Jalil mantuvo una importante reuni\u00f3n con Agust\u00edn Aguerre, representante en Argentina del Grupo Banco Interamericano de Desarrollo (BID).<\/p>\n<p>En el encuentro dialogaron sobre el estado de tres obras fundamentales para Catamarca que cuentan con financiaci\u00f3n del BID: L\u00ednea de Alta Tensi\u00f3n Alumbrera-Bel\u00e9n, Acueducto Albigasta y Red Cloacal para Valle Viejo y Fray Mamerto Esqui\u00fa.<\/p>\n<p>En lo que respecta a la L\u00ednea de Alta Tensi\u00f3n Minera Alumbrera-Bel\u00e9n 220\/132 kv y Estaciones Transformadoras, la obra est\u00e1 contratada luego de un largo proceso de aprobaciones t\u00e9cnicas ambientales y financieras. El Gobernador manifest\u00f3 la necesidad de avanzar con la financiaci\u00f3n en el corto plazo puesto que la obra generar\u00e1 importantes beneficios al sistema el\u00e9ctrico del Oeste catamarque\u00f1o.<\/p>\n<p>Tambi\u00e9n se habl\u00f3 sobre la obra de Red de Cloacas para las localidades de Valle Viejo y Fray Mamerto Esqui\u00fa (Fase II), encontr\u00e1ndose adjudicada la empresa contratista y en proceso de contrataci\u00f3n la supervisi\u00f3n de obra para avanzar.<\/p>\n<p>La \u00faltima obra sobre la que se trat\u00f3 es el Acueducto de Albigasta, que se encuentra con fecha de apertura de ofertas prevista para el mes de junio de 2024.<\/p>\n<p>Este encuentro con el BID se da en el marco de una agenda de reuniones del gobernador Ra\u00fal Jalil (ayer se reuni\u00f3 con el vicepresidente de la CAF-Banco de Desarrollo de Am\u00e9rica Latina, Christian Asinelli) con autoridades de organismos internacionales en b\u00fasqueda de financiaci\u00f3n para obras de sustancial importancia para el desarrollo de Catamarca.<\/p>\n","protected":false},"excerpt":{"rendered":"<p>En el marco de su agenda en Buenos Aires, el gobernador Ra\u00fal Jalil mantuvo una importante reuni\u00f3n con Agust\u00edn Aguerre,<\/p>\n","protected":false},"author":1,"featured_media":13741,"comment_status":"closed","ping_status":"closed","sticky":false,"template":"","format":"standard","meta":{"footnotes":"","jetpack_publicize_message":"","jetpack_publicize_feature_enabled":true,"jetpack_social_post_already_shared":true,"jetpack_social_options":{"image_generator_settings":{"template":"highway","enabled":false},"version":2}},"categories":[2],"tags":[],"class_list":["post-13740","post","type-post","status-publish","format-standard","has-post-thumbnail","hentry","category-locales"],"jetpack_publicize_connections":[],"_links":{"self":[{"href":"https:\/\/diariorepublica.com.ar\/web\/index.php\/wp-json\/wp\/v2\/posts\/13740"}],"collection":[{"href":"https:\/\/diariorepublica.com.ar\/web\/index.php\/wp-json\/wp\/v2\/posts"}],"about":[{"href":"https:\/\/diariorepublica.com.ar\/web\/index.php\/wp-json\/wp\/v2\/types\/post"}],"author":[{"embeddable":true,"href":"https:\/\/diariorepublica.com.ar\/web\/index.php\/wp-json\/wp\/v2\/users\/1"}],"replies":[{"embeddable":true,"href":"https:\/\/diariorepublica.com.ar\/web\/index.php\/wp-json\/wp\/v2\/comments?post=13740"}],"version-history":[{"count":1,"href":"https:\/\/diariorepublica.com.ar\/web\/index.php\/wp-json\/wp\/v2\/posts\/13740\/revisions"}],"predecessor-version":[{"id":13742,"href":"https:\/\/diariorepublica.com.ar\/web\/index.php\/wp-json\/wp\/v2\/posts\/13740\/revisions\/13742"}],"wp:featuredmedia":[{"embeddable":true,"href":"https:\/\/diariorepublica.com.ar\/web\/index.php\/wp-json\/wp\/v2\/media\/13741"}],"wp:attachment":[{"href":"https:\/\/diariorepublica.com.ar\/web\/index.php\/wp-json\/wp\/v2\/media?parent=13740"}],"wp:term":[{"taxonomy":"category","embeddable":true,"href":"https:\/\/diariorepublica.com.ar\/web\/index.php\/wp-json\/wp\/v2\/categories?post=13740"},{"taxonomy":"post_tag","embeddable":true,"href":"https:\/\/diariorepublica.com.ar\/web\/index.php\/wp-json\/wp\/v2\/tags?post=13740"}],"curies":[{"name":"wp","href":"https:\/\/api.w.org\/{rel}","templated":true}]}}