{"id":13761,"date":"2024-04-18T12:41:26","date_gmt":"2024-04-18T15:41:26","guid":{"rendered":"https:\/\/diariorepublica.com.ar\/web\/?p=13761"},"modified":"2024-04-18T12:41:28","modified_gmt":"2024-04-18T15:41:28","slug":"kristalina-georgieva-destaco-que-la-inflacion-en-la-argentina-esta-bajando-mas-rapido-de-lo-esperado","status":"publish","type":"post","link":"https:\/\/diariorepublica.com.ar\/web\/index.php\/economia\/2024\/04\/18\/kristalina-georgieva-destaco-que-la-inflacion-en-la-argentina-esta-bajando-mas-rapido-de-lo-esperado\/","title":{"rendered":"Kristalina Georgieva destac\u00f3 que la inflaci\u00f3n en la Argentina est\u00e1 bajando \u00abm\u00e1s r\u00e1pido de lo esperado\u00bb"},"content":{"rendered":"<p>La titular del Fondo Monetario Internacional (FMI), Kristalina Georgieva, destac\u00f3 hoy que \u00abla inflaci\u00f3n est\u00e1 bajando m\u00e1s r\u00e1pido de lo esperado\u00bb y remarc\u00f3 la celeridad con la que el Gobierno de Javier Milei, est\u00e1 llevando adelante el ajuste fiscal.<\/p>\n<p>\u00abLa inflaci\u00f3n en Argentina est\u00e1 bajando un poco m\u00e1s r\u00e1pido de lo que esper\u00e1bamos inicialmente\u00bb, se\u00f1al\u00f3 Georgieva durante una conferencia de prensa en la que se refiri\u00f3 a la situaci\u00f3n regional en el marco de la Asamblea de Primavera del organismo que se est\u00e1 desarrollando en Washington.<\/p>\n<p>A su vez, se\u00f1al\u00f3: \u00abSi miramos a Argentina, un pa\u00eds que durante mucho tiempo ha sido percibido como un pa\u00eds rezagado desde el punto de vista de las reformas, vemos que ahora est\u00e1 avanzando muy r\u00e1pidamente en el ajuste fiscal. El pa\u00eds est\u00e1 atrayendo la inversi\u00f3n privada para buscar un mejor rendimiento\u00bb.<\/p>\n<p>Las declaraciones se Georgieva se produjeron pocas horas antes que el ministro de Econom\u00eda, Luis Caputo, mantenga una reuni\u00f3n con la n\u00famero dos del organismo, Gita Gopinath.<\/p>\n<p>Inflaci\u00f3n y crecimiento: los n\u00fameros del FMI<br \/>\nEn el informe sobre perspectivas globales, el FMI estim\u00f3 que la Argentina sufrir\u00e1 una ca\u00edda del PBI del 2,8%, con una inflaci\u00f3n del 150% en 2024. Sin embargo, para 2025 pronostic\u00f3 un crecimiento del 5% con una suba de precios del 45%.<\/p>\n<p>En el encuentro con Gopinath se repasar\u00e1n las metas fijadas para el primer trimestre del a\u00f1o, que permitir\u00e1n un desembolso del organismo de u$800 millones en mayo.<\/p>\n<p>La agenda de Luis Caputo en Washington<br \/>\nEl ministro Caputo participar\u00e1 en los paneles y reuniones de los organismos y del G20. Asimismo, acompa\u00f1ado por el secretario de Finanzas, Pablo Quirno, prev\u00e9 reunirse con representantes del FMI y del Tesoro de los Estados Unidos, en b\u00fasqueda de continuar con el di\u00e1logo sobre las reformas que se est\u00e1n desarrollando en Argentina para ordenar la econom\u00eda.<\/p>\n<p>El titular de la cartera de Econom\u00eda aprovechar\u00e1 su estancia en Washington para participar de los encuentros del Comit\u00e9 Monetario y Financiero Internacional (CMFI) y el Comit\u00e9 Ministerial Conjunto para el Desarrollo (CD) del FMI y el Banco Mundial.<\/p>\n<p>All\u00ed, se discutir\u00e1 acerca de la econom\u00eda mundial, la evoluci\u00f3n de los mercados financieros y cuestiones vinculadas al mandato del organismo y los recursos financieros necesarios para promover el desarrollo econ\u00f3mico y la reducci\u00f3n de la pobreza en los pa\u00edses en desarrollo.<\/p>\n","protected":false},"excerpt":{"rendered":"<p>La titular del Fondo Monetario Internacional (FMI), Kristalina Georgieva, destac\u00f3 hoy que \u00abla inflaci\u00f3n est\u00e1 bajando m\u00e1s r\u00e1pido de lo<\/p>\n","protected":false},"author":1,"featured_media":13762,"comment_status":"closed","ping_status":"closed","sticky":false,"template":"","format":"standard","meta":{"footnotes":"","jetpack_publicize_message":"","jetpack_publicize_feature_enabled":true,"jetpack_social_post_already_shared":true,"jetpack_social_options":{"image_generator_settings":{"template":"highway","enabled":false},"version":2}},"categories":[5],"tags":[],"class_list":["post-13761","post","type-post","status-publish","format-standard","has-post-thumbnail","hentry","category-economia"],"jetpack_publicize_connections":[],"_links":{"self":[{"href":"https:\/\/diariorepublica.com.ar\/web\/index.php\/wp-json\/wp\/v2\/posts\/13761"}],"collection":[{"href":"https:\/\/diariorepublica.com.ar\/web\/index.php\/wp-json\/wp\/v2\/posts"}],"about":[{"href":"https:\/\/diariorepublica.com.ar\/web\/index.php\/wp-json\/wp\/v2\/types\/post"}],"author":[{"embeddable":true,"href":"https:\/\/diariorepublica.com.ar\/web\/index.php\/wp-json\/wp\/v2\/users\/1"}],"replies":[{"embeddable":true,"href":"https:\/\/diariorepublica.com.ar\/web\/index.php\/wp-json\/wp\/v2\/comments?post=13761"}],"version-history":[{"count":1,"href":"https:\/\/diariorepublica.com.ar\/web\/index.php\/wp-json\/wp\/v2\/posts\/13761\/revisions"}],"predecessor-version":[{"id":13763,"href":"https:\/\/diariorepublica.com.ar\/web\/index.php\/wp-json\/wp\/v2\/posts\/13761\/revisions\/13763"}],"wp:featuredmedia":[{"embeddable":true,"href":"https:\/\/diariorepublica.com.ar\/web\/index.php\/wp-json\/wp\/v2\/media\/13762"}],"wp:attachment":[{"href":"https:\/\/diariorepublica.com.ar\/web\/index.php\/wp-json\/wp\/v2\/media?parent=13761"}],"wp:term":[{"taxonomy":"category","embeddable":true,"href":"https:\/\/diariorepublica.com.ar\/web\/index.php\/wp-json\/wp\/v2\/categories?post=13761"},{"taxonomy":"post_tag","embeddable":true,"href":"https:\/\/diariorepublica.com.ar\/web\/index.php\/wp-json\/wp\/v2\/tags?post=13761"}],"curies":[{"name":"wp","href":"https:\/\/api.w.org\/{rel}","templated":true}]}}