{"id":13806,"date":"2024-04-19T08:55:08","date_gmt":"2024-04-19T11:55:08","guid":{"rendered":"https:\/\/diariorepublica.com.ar\/web\/?p=13806"},"modified":"2024-04-19T08:55:10","modified_gmt":"2024-04-19T11:55:10","slug":"pedido-de-mejora-salarial-en-valle-viejo-los-gremios-tendran-una-reunion-clave-el-martes","status":"publish","type":"post","link":"https:\/\/diariorepublica.com.ar\/web\/index.php\/sociedad\/2024\/04\/19\/pedido-de-mejora-salarial-en-valle-viejo-los-gremios-tendran-una-reunion-clave-el-martes\/","title":{"rendered":"<strong>Pedido de mejora salarial en Valle Viejo: los gremios tendr\u00e1n una reuni\u00f3n clave el martes<\/strong>"},"content":{"rendered":"<p>Luego de concretarse el tercer d\u00eda de protesta de los trabajadores municipales de Valle Viejo, el secretario de Gobierno Rolando Contreras accedi\u00f3 a dialogar con los representantes de UPCN Claudia Espeche y del SOEM, en la persona de Ver\u00f3nica Herrera.<\/p>\n<p>Pactaron una reuni\u00f3n para el pr\u00f3ximo martes, y el quite de colaboraci\u00f3n va a seguir durante el fin de semana. Aunque se destac\u00f3 que hay buena voluntad de las partes.<\/p>\n<p>Claudia Espeche, secretaria general de UPCN, dijo \u201cPor lo menos pudimos lograr que s abra una puerta. Contreras nos recibi\u00f3 y el resultado es una reuni\u00f3n pactada para el martes\u201d.<\/p>\n<p>Anhel\u00f3 que la intendenta Susana Zenteno pueda estar presente. \u201cOjal\u00e1 que sea con la Intendenta, el secretario de Gobierno, el secretario de Hacienda para definir el camino para los trabajadores\u201d.<\/p>\n<p>Dijo que con las protestas lograron abrir un canal de di\u00e1logo que \u201cse hab\u00eda cerrado por Whatsapp\u201d, porque \u201cnunca nos recibieron para decirnos por qu\u00e9 no hab\u00eda aumento\u201d, cont\u00f3.<\/p>\n<p>Remarc\u00f3 que la reuni\u00f3n tranquiliza a los trabajadores y que como est\u00e1 previsto, \u201clas medidas de fuerza van a alcanzar todo el fin de semana as\u00ed que el lunes a partir de las cero horas se levantaran las medidas\u201d ya que \u201chay buena voluntad de ambas partes y el martes bien termine la reuni\u00f3n convocaremos a asamblea para que podamos explicar de qu\u00e9 se trat\u00f3 y se decidir\u00e1\u201d.<\/p>\n","protected":false},"excerpt":{"rendered":"<p>Luego de concretarse el tercer d\u00eda de protesta de los trabajadores municipales de Valle Viejo, el secretario de Gobierno Rolando<\/p>\n","protected":false},"author":2,"featured_media":13807,"comment_status":"closed","ping_status":"closed","sticky":false,"template":"","format":"standard","meta":{"footnotes":"","jetpack_publicize_message":"","jetpack_publicize_feature_enabled":true,"jetpack_social_post_already_shared":true,"jetpack_social_options":{"image_generator_settings":{"template":"highway","enabled":false},"version":2}},"categories":[3],"tags":[],"class_list":["post-13806","post","type-post","status-publish","format-standard","has-post-thumbnail","hentry","category-sociedad"],"jetpack_publicize_connections":[],"_links":{"self":[{"href":"https:\/\/diariorepublica.com.ar\/web\/index.php\/wp-json\/wp\/v2\/posts\/13806"}],"collection":[{"href":"https:\/\/diariorepublica.com.ar\/web\/index.php\/wp-json\/wp\/v2\/posts"}],"about":[{"href":"https:\/\/diariorepublica.com.ar\/web\/index.php\/wp-json\/wp\/v2\/types\/post"}],"author":[{"embeddable":true,"href":"https:\/\/diariorepublica.com.ar\/web\/index.php\/wp-json\/wp\/v2\/users\/2"}],"replies":[{"embeddable":true,"href":"https:\/\/diariorepublica.com.ar\/web\/index.php\/wp-json\/wp\/v2\/comments?post=13806"}],"version-history":[{"count":1,"href":"https:\/\/diariorepublica.com.ar\/web\/index.php\/wp-json\/wp\/v2\/posts\/13806\/revisions"}],"predecessor-version":[{"id":13808,"href":"https:\/\/diariorepublica.com.ar\/web\/index.php\/wp-json\/wp\/v2\/posts\/13806\/revisions\/13808"}],"wp:featuredmedia":[{"embeddable":true,"href":"https:\/\/diariorepublica.com.ar\/web\/index.php\/wp-json\/wp\/v2\/media\/13807"}],"wp:attachment":[{"href":"https:\/\/diariorepublica.com.ar\/web\/index.php\/wp-json\/wp\/v2\/media?parent=13806"}],"wp:term":[{"taxonomy":"category","embeddable":true,"href":"https:\/\/diariorepublica.com.ar\/web\/index.php\/wp-json\/wp\/v2\/categories?post=13806"},{"taxonomy":"post_tag","embeddable":true,"href":"https:\/\/diariorepublica.com.ar\/web\/index.php\/wp-json\/wp\/v2\/tags?post=13806"}],"curies":[{"name":"wp","href":"https:\/\/api.w.org\/{rel}","templated":true}]}}