{"id":13823,"date":"2024-04-22T11:38:37","date_gmt":"2024-04-22T14:38:37","guid":{"rendered":"https:\/\/diariorepublica.com.ar\/web\/?p=13823"},"modified":"2024-04-22T11:38:40","modified_gmt":"2024-04-22T14:38:40","slug":"milei-defendera-su-plan-economico-por-cadena-nacional","status":"publish","type":"post","link":"https:\/\/diariorepublica.com.ar\/web\/index.php\/politica\/2024\/04\/22\/milei-defendera-su-plan-economico-por-cadena-nacional\/","title":{"rendered":"Milei defender\u00e1 su plan econ\u00f3mico por cadena nacional"},"content":{"rendered":"<article id=\"article-post\" class=\"first\">\n<div class=\"cuerpo\" data-twitter-link=\"https:\/\/twitter.com\/intent\/tweet?url=https:\/\/www.diariopopular.com.ar\/c783231&amp;via=poopulardiario&amp;related=Popular&amp;text=\">\n<p>Desde las 21:00 de este lunes, se emitir\u00e1 un mensaje, grabado en la Quinta de Olivos, en el que el jefe de Estado y sus funcionarios dar\u00e1n precisiones sobre la balanza comercial y de los datos actualizados de la inflaci\u00f3n, entre otras cuestiones.<\/p>\n<p>En el marco de su exposici\u00f3n en el Foro Llao Llao, celebrado en la ciudad de Bariloche, ante empresarios de todo el pa\u00eds, el presidente Javier Milei hab\u00eda anticipado que hoy dar\u00eda un mensaje por cadena nacional para anunciar el super\u00e1vit fiscal alcanzado en marzo.<\/p>\n<\/div>\n<\/article>\n<article id=\"article-post\">\n<div class=\"cuerpo\" data-twitter-link=\"https:\/\/twitter.com\/intent\/tweet?url=https:\/\/www.diariopopular.com.ar\/c783231&amp;via=poopulardiario&amp;related=Popular&amp;text=\">\n<p>\u00abEl primer trimestre del a\u00f1o termin\u00f3 con resultado financiero positivo\u00bb, destac\u00f3 respecto a los n\u00fameros de la balanza comercial que determin\u00f3 que la administraci\u00f3n libertaria conquist\u00f3 los super\u00e1vit gemelos con un acumulado superior a los US$2.000 millones.<\/p>\n<p>Con intenciones de celebrar el indicador por tres meses consecutivos, algo que hab\u00eda logrado el expresidente N\u00e9stor Kirchner en 2008, Milei dar\u00e1 una nueva cadena nacional para detallar el funcionamiento de su pol\u00edtica econ\u00f3mica innegociable.<\/p>\n<p>\u00abVamos a estar haciendo una cadena nacional donde adem\u00e1s vamos a estar anunciando los n\u00fameros fiscales\u00bb, adelant\u00f3 el jefe de Estado en el Hotel Llao Llao, y agreg\u00f3: \u00abLes aviso que el primer trimestre del a\u00f1o termin\u00f3 con resultado financiero positivo\u00bb.<\/p>\n<p>Durante su discurso, el presidente se comprometi\u00f3 ante la c\u00fapula empresarial a \u00aballanar el camino\u00bb, y a \u00abponer un pie encima al gasto p\u00fablico, tal que lo licue en t\u00e9rminos de PBI\u00bb para \u00abdevolverles la plata de los impuestos\u00bb.<\/p>\n<p>Si bien evit\u00f3 dar precisiones respecto a los planes econ\u00f3micos futuros, revel\u00f3 que \u00abser\u00e1 con mucha baja de impuestos\u00bb.<\/p>\n<p>\u00abNo me voy a conformar con ser como Alemania, quiero ser como Irlanda. Quiero una profunda revoluci\u00f3n liberal\u00bb, subray\u00f3 al postular que sue\u00f1a con un PBI per c\u00e1pita nacional mayor al de Estados Unidos: \u00ab50% m\u00e1s grande que el de Estados Unidos\u00bb. Tambi\u00e9n, apel\u00f3 al sentido de responsabilidad empresarial a los que invit\u00f3 a \u00abponer las pelotas e invertir\u00bb.<\/p>\n<p>Por \u00faltimo, plante\u00f3 que la \u00abprimera parte del crecimiento ser\u00e1 rebote, crecimiento por descapitalizaci\u00f3n y tasa de inflaci\u00f3n cayendo\u00bb, y concluy\u00f3: \u00abVamos a arrasar\u00bb.<\/p>\n<p>Por contrapartida, el extitular de la Aduana y especialista en derecho tributario, Guillermo Michel, advirti\u00f3 que el paquete fiscal impulsado por el Gobierno \u00abtiene cosas positivas y otras negativas\u00bb, ya que mientras \u00abbusca la promoci\u00f3n de grandes inversiones\u00bb, por otro lado, \u00abcastiga con ganancias a los trabajadores\u00bb.<\/p>\n<p>Adem\u00e1s, indic\u00f3 que si bien el r\u00e9gimen de incentivos a grandes inversiones brinda beneficios fiscales, \u00abcon las facilidades cambiarias que se les quieren ofrecer, les permiten que a partir del tercer a\u00f1o no liquiden las divisas de lo que generan de exportaciones\u00bb.<\/p>\n<p>\u00abEso compromete a la Argentina en la generaci\u00f3n y circulaci\u00f3n de reservas a futuro\u00bb, advirti\u00f3 en declaraciones radiales.<\/p>\n<p>Tambi\u00e9n se\u00f1al\u00f3 que el aspecto de promoci\u00f3n de grandes inversiones no es una novedad, ya que tiene similitudes a los que enviaron al congreso los exministros de Econom\u00eda Roberto Lavagna y Mart\u00edn Lousteau, en gobiernos peronistas.<\/p>\n<p>El exfuncionario del gobierno de Alberto Fern\u00e1ndez, que renunci\u00f3 a su cargo algunas semanas despu\u00e9s de la asunci\u00f3n de Javier Milei, fue cr\u00edtico con la restituci\u00f3n del impuesto a las ganancias.<\/p>\n<p>Al respecto, sostuvo que \u00abgravar con ganancias a los trabajadores es como pescar en la pecera porque es imposible evadir el impuesto, hay una retenci\u00f3n en la fuente\u00bb.<\/p>\n<p>\u00abCon Sergio Massa a la cabeza del Ministerio de Econom\u00eda sacamos la cuarta categor\u00eda del impuesto a las ganancias\u00bb.<\/p>\n<\/div>\n<\/article>\n","protected":false},"excerpt":{"rendered":"<p>Desde las 21:00 de este lunes, se emitir\u00e1 un mensaje, grabado en la Quinta de Olivos, en el que el<\/p>\n","protected":false},"author":1,"featured_media":13824,"comment_status":"closed","ping_status":"closed","sticky":false,"template":"","format":"standard","meta":{"footnotes":"","jetpack_publicize_message":"","jetpack_publicize_feature_enabled":true,"jetpack_social_post_already_shared":true,"jetpack_social_options":{"image_generator_settings":{"template":"highway","enabled":false},"version":2}},"categories":[12],"tags":[],"class_list":["post-13823","post","type-post","status-publish","format-standard","has-post-thumbnail","hentry","category-politica"],"jetpack_publicize_connections":[],"_links":{"self":[{"href":"https:\/\/diariorepublica.com.ar\/web\/index.php\/wp-json\/wp\/v2\/posts\/13823"}],"collection":[{"href":"https:\/\/diariorepublica.com.ar\/web\/index.php\/wp-json\/wp\/v2\/posts"}],"about":[{"href":"https:\/\/diariorepublica.com.ar\/web\/index.php\/wp-json\/wp\/v2\/types\/post"}],"author":[{"embeddable":true,"href":"https:\/\/diariorepublica.com.ar\/web\/index.php\/wp-json\/wp\/v2\/users\/1"}],"replies":[{"embeddable":true,"href":"https:\/\/diariorepublica.com.ar\/web\/index.php\/wp-json\/wp\/v2\/comments?post=13823"}],"version-history":[{"count":1,"href":"https:\/\/diariorepublica.com.ar\/web\/index.php\/wp-json\/wp\/v2\/posts\/13823\/revisions"}],"predecessor-version":[{"id":13825,"href":"https:\/\/diariorepublica.com.ar\/web\/index.php\/wp-json\/wp\/v2\/posts\/13823\/revisions\/13825"}],"wp:featuredmedia":[{"embeddable":true,"href":"https:\/\/diariorepublica.com.ar\/web\/index.php\/wp-json\/wp\/v2\/media\/13824"}],"wp:attachment":[{"href":"https:\/\/diariorepublica.com.ar\/web\/index.php\/wp-json\/wp\/v2\/media?parent=13823"}],"wp:term":[{"taxonomy":"category","embeddable":true,"href":"https:\/\/diariorepublica.com.ar\/web\/index.php\/wp-json\/wp\/v2\/categories?post=13823"},{"taxonomy":"post_tag","embeddable":true,"href":"https:\/\/diariorepublica.com.ar\/web\/index.php\/wp-json\/wp\/v2\/tags?post=13823"}],"curies":[{"name":"wp","href":"https:\/\/api.w.org\/{rel}","templated":true}]}}