{"id":13834,"date":"2024-04-22T11:45:48","date_gmt":"2024-04-22T14:45:48","guid":{"rendered":"https:\/\/diariorepublica.com.ar\/web\/?p=13834"},"modified":"2024-04-22T11:45:50","modified_gmt":"2024-04-22T14:45:50","slug":"el-incaa-cierra-sus-puertas-para-reubicar-al-personal-y-reasignar-tareas","status":"publish","type":"post","link":"https:\/\/diariorepublica.com.ar\/web\/index.php\/nacionales\/2024\/04\/22\/el-incaa-cierra-sus-puertas-para-reubicar-al-personal-y-reasignar-tareas\/","title":{"rendered":"El INCAA cierra sus puertas para reubicar al personal y reasignar tareas"},"content":{"rendered":"<p>El gobierno nacional decidi\u00f3 <strong>cerrar el\u00a0Instituto Nacional de Cine y Artes Visuales (INCAA)\u00a0<\/strong><strong>\u00a0<\/strong>para reubicar al personal y reasignar sus respectivas tareas.<\/p>\n<p>Seg\u00fan informaron, todos los empleados recibir\u00e1n una licencia obligatoria, hasta que finalice la\u00a0<strong>reorganizaci\u00f3n interna de la entidad,<\/strong>\u00a0que se llevar\u00e1 a cabo en los pr\u00f3ximos d\u00edas.<\/p>\n<p>Representantes sindicales afirmaron que tampoco funcionar\u00edan las salas que dependen del organismo (en cuanto a la exhibici\u00f3n comercial y de estrenos), sin embargo, est\u00e1n aseguradas las funciones correspondientes al Festival Bafici 2024 previstas para este lunes en el cine Gaumont, una de las sedes m\u00e1s importantes del evento.<\/p>\n<p>La medida\u00a0<strong>se anunciar\u00e1 este lunes 22, en el Bolet\u00edn Oficial,<\/strong>\u00a0y detallar\u00e1 c\u00f3mo quedar\u00e1 conformado el organigrama de la instituci\u00f3n; las gerencias que se mantendr\u00e1n ser\u00e1n la General, la de Asuntos Legales, la de Administraci\u00f3n y Finanzas y la de Pol\u00edticas P\u00fablicas.<\/p>\n<p>De esta manera, s\u00f3lo permanecer\u00e1n esas cuatro \u00e1reas y se eliminar\u00e1n las gerencias de Fomento, de Asuntos Institucionales, de Exhibici\u00f3n y Audiencias y de Fiscalizaci\u00f3n a la Actividad Audiovisual.<\/p>\n<p>Por su parte, y dentro del proyecto de la Ley \u00d3mnibus, el Gobierno puntualiz\u00f3 en la modificaci\u00f3n del financiamiento del INCAA, al mismo tiempo que suspendi\u00f3 las contrataciones, apoyos y aportes institucionales y el pago de horas extras.<\/p>\n<p>NA<\/p>\n","protected":false},"excerpt":{"rendered":"<p>El gobierno nacional decidi\u00f3 cerrar el\u00a0Instituto Nacional de Cine y Artes Visuales (INCAA)\u00a0\u00a0para reubicar al personal y reasignar sus respectivas<\/p>\n","protected":false},"author":1,"featured_media":13835,"comment_status":"closed","ping_status":"closed","sticky":false,"template":"","format":"standard","meta":{"footnotes":"","jetpack_publicize_message":"","jetpack_publicize_feature_enabled":true,"jetpack_social_post_already_shared":true,"jetpack_social_options":{"image_generator_settings":{"template":"highway","enabled":false},"version":2}},"categories":[4],"tags":[],"class_list":["post-13834","post","type-post","status-publish","format-standard","has-post-thumbnail","hentry","category-nacionales"],"jetpack_publicize_connections":[],"_links":{"self":[{"href":"https:\/\/diariorepublica.com.ar\/web\/index.php\/wp-json\/wp\/v2\/posts\/13834"}],"collection":[{"href":"https:\/\/diariorepublica.com.ar\/web\/index.php\/wp-json\/wp\/v2\/posts"}],"about":[{"href":"https:\/\/diariorepublica.com.ar\/web\/index.php\/wp-json\/wp\/v2\/types\/post"}],"author":[{"embeddable":true,"href":"https:\/\/diariorepublica.com.ar\/web\/index.php\/wp-json\/wp\/v2\/users\/1"}],"replies":[{"embeddable":true,"href":"https:\/\/diariorepublica.com.ar\/web\/index.php\/wp-json\/wp\/v2\/comments?post=13834"}],"version-history":[{"count":1,"href":"https:\/\/diariorepublica.com.ar\/web\/index.php\/wp-json\/wp\/v2\/posts\/13834\/revisions"}],"predecessor-version":[{"id":13836,"href":"https:\/\/diariorepublica.com.ar\/web\/index.php\/wp-json\/wp\/v2\/posts\/13834\/revisions\/13836"}],"wp:featuredmedia":[{"embeddable":true,"href":"https:\/\/diariorepublica.com.ar\/web\/index.php\/wp-json\/wp\/v2\/media\/13835"}],"wp:attachment":[{"href":"https:\/\/diariorepublica.com.ar\/web\/index.php\/wp-json\/wp\/v2\/media?parent=13834"}],"wp:term":[{"taxonomy":"category","embeddable":true,"href":"https:\/\/diariorepublica.com.ar\/web\/index.php\/wp-json\/wp\/v2\/categories?post=13834"},{"taxonomy":"post_tag","embeddable":true,"href":"https:\/\/diariorepublica.com.ar\/web\/index.php\/wp-json\/wp\/v2\/tags?post=13834"}],"curies":[{"name":"wp","href":"https:\/\/api.w.org\/{rel}","templated":true}]}}