{"id":13855,"date":"2024-04-23T05:22:00","date_gmt":"2024-04-23T08:22:00","guid":{"rendered":"https:\/\/diariorepublica.com.ar\/web\/?p=13855"},"modified":"2024-04-23T07:22:47","modified_gmt":"2024-04-23T10:22:47","slug":"el-inter-de-lautaro-martinez-le-gano-el-clasico-al-milan-y-se-consagro-campeon-de-la-serie-a-de-italia","status":"publish","type":"post","link":"https:\/\/diariorepublica.com.ar\/web\/index.php\/deportes\/2024\/04\/23\/el-inter-de-lautaro-martinez-le-gano-el-clasico-al-milan-y-se-consagro-campeon-de-la-serie-a-de-italia\/","title":{"rendered":"El Inter de Lautaro Mart\u00ednez le gan\u00f3 el cl\u00e1sico al Milan y se consagr\u00f3 campe\u00f3n de la Serie A de Italia"},"content":{"rendered":"<p>Inter de Mil\u00e1n conquist\u00f3 este lunes por vig\u00e9sima ocasi\u00f3n el t\u00edtulo de la Liga italiana al vencer 2-1 en el\u00a0cl\u00e1sico al AC Milan, en San Siro.<\/p>\n<p>El defensa italiano Francesco Acerbi (18) y el delantero centro franc\u00e9s Marcus Thuram (49) marcaron los goles de la victoria y por tanto del t\u00edtulo.<\/p>\n<p>El conjunto \u00abRossonero\u00bb, batido por sexta vez consecutiva en un derbi, redujo la diferencia en el minuto 80 por medio de Fikayo Tomori, pero se despert\u00f3 demasiado tarde.<\/p>\n<p>El tramo final del partido se vio salpicado por varios altercados entre jugadores de los dos equipos que derivaron en tres expulsados, dos del AC Milan y uno del Inter.<\/p>\n<p>A cinco fechas para la conclusi\u00f3n de la Serie A, el Inter sucede al N\u00e1poles, ya que dispone de 17 puntos de ventaja sobre el AC Milan.<\/p>\n<p>Al igual que el derbi de este lunes, el equipo entrenado por Simone Inzaghi domin\u00f3 la temporada en Italia: firm\u00f3 este lunes su 27\u00aa victoria en 33 partidos y s\u00f3lo concedi\u00f3 una derrota, en septiembre ante el modesto Sassuolo.<\/p>\n<p>El Inter dispone del mejor ataque y de la mejor defensa en la Serie A y a\u00fan puede batir varios r\u00e9cords del f\u00fatbol italiano de aqu\u00ed a final de temporada.<\/p>\n<p>El AC Milan, por su parte, deber\u00e1 probablemente buscar un nuevo entrenador a final de temporada despu\u00e9s de esta nueva decepci\u00f3n en una gran cita.<\/p>\n<p>Stefano Pioli, su t\u00e9cnico desde 2019, ya se hallaba cuestionado desde la eliminaci\u00f3n en cuartos de final de la Europa League tras dos derrotas ante la Roma.<\/p>\n<p>Fuente: AFP.<\/p>\n","protected":false},"excerpt":{"rendered":"<p>Inter de Mil\u00e1n conquist\u00f3 este lunes por vig\u00e9sima ocasi\u00f3n el t\u00edtulo de la Liga italiana al vencer 2-1 en el\u00a0cl\u00e1sico<\/p>\n","protected":false},"author":1,"featured_media":13856,"comment_status":"closed","ping_status":"closed","sticky":false,"template":"","format":"standard","meta":{"footnotes":"","jetpack_publicize_message":"","jetpack_publicize_feature_enabled":true,"jetpack_social_post_already_shared":true,"jetpack_social_options":{"image_generator_settings":{"template":"highway","enabled":false},"version":2}},"categories":[9],"tags":[],"class_list":["post-13855","post","type-post","status-publish","format-standard","has-post-thumbnail","hentry","category-deportes"],"jetpack_publicize_connections":[],"_links":{"self":[{"href":"https:\/\/diariorepublica.com.ar\/web\/index.php\/wp-json\/wp\/v2\/posts\/13855"}],"collection":[{"href":"https:\/\/diariorepublica.com.ar\/web\/index.php\/wp-json\/wp\/v2\/posts"}],"about":[{"href":"https:\/\/diariorepublica.com.ar\/web\/index.php\/wp-json\/wp\/v2\/types\/post"}],"author":[{"embeddable":true,"href":"https:\/\/diariorepublica.com.ar\/web\/index.php\/wp-json\/wp\/v2\/users\/1"}],"replies":[{"embeddable":true,"href":"https:\/\/diariorepublica.com.ar\/web\/index.php\/wp-json\/wp\/v2\/comments?post=13855"}],"version-history":[{"count":1,"href":"https:\/\/diariorepublica.com.ar\/web\/index.php\/wp-json\/wp\/v2\/posts\/13855\/revisions"}],"predecessor-version":[{"id":13857,"href":"https:\/\/diariorepublica.com.ar\/web\/index.php\/wp-json\/wp\/v2\/posts\/13855\/revisions\/13857"}],"wp:featuredmedia":[{"embeddable":true,"href":"https:\/\/diariorepublica.com.ar\/web\/index.php\/wp-json\/wp\/v2\/media\/13856"}],"wp:attachment":[{"href":"https:\/\/diariorepublica.com.ar\/web\/index.php\/wp-json\/wp\/v2\/media?parent=13855"}],"wp:term":[{"taxonomy":"category","embeddable":true,"href":"https:\/\/diariorepublica.com.ar\/web\/index.php\/wp-json\/wp\/v2\/categories?post=13855"},{"taxonomy":"post_tag","embeddable":true,"href":"https:\/\/diariorepublica.com.ar\/web\/index.php\/wp-json\/wp\/v2\/tags?post=13855"}],"curies":[{"name":"wp","href":"https:\/\/api.w.org\/{rel}","templated":true}]}}