{"id":1390,"date":"2023-04-13T08:30:00","date_gmt":"2023-04-13T11:30:00","guid":{"rendered":"https:\/\/diariorepublica.com.ar\/web\/?p=1390"},"modified":"2023-04-13T07:46:00","modified_gmt":"2023-04-13T10:46:00","slug":"senado-hoy-se-sancionaria-la-ley-de-alcohol-cero-junto-a-otros-proyectos","status":"publish","type":"post","link":"https:\/\/diariorepublica.com.ar\/web\/index.php\/nacionales\/2023\/04\/13\/senado-hoy-se-sancionaria-la-ley-de-alcohol-cero-junto-a-otros-proyectos\/","title":{"rendered":"Senado: hoy se sancionar\u00eda la Ley de Alcohol Cero junto a otros proyectos"},"content":{"rendered":"<p>Luego del trago amargo de la sesi\u00f3n dinamitada el pasado 30 de marzo,\u00a0<strong>el Frente de Todos y las distintas variantes de la oposici\u00f3n lograron ponerse de acuerdo<\/strong>\u00a0en un amplio temario, que incluye la<strong>\u00a0ley de Alcohol Cero<\/strong>, y el recinto volver\u00e1 a abrir sus puertas este jueves.<\/p>\n<p>Este proyecto de ley, que tiene<strong>\u00a0media sanci\u00f3n de Diputados<\/strong>\u00a0<strong>desde fines del a\u00f1o pasado<\/strong>, era el nudo gordiano que estaba trabando la posibilidad de sesionar, ya que Juntos por el Cambio est\u00e1 mayoritariamente en contra de la medida.<\/p>\n<p>El pedido de sesi\u00f3n del grueso de Juntos por el Cambio exclu\u00eda esta iniciativa, pero horas m\u00e1s tarde<strong>\u00a0un grupo de seis senadores radicales se sublev\u00f3 e hizo su propia convocatoria para este jueves,\u00a0incorporando al temario la ley<\/strong>\u00a0que proh\u00edbe la presencia de alcohol en sangre durante la conducci\u00f3n de veh\u00edculos, lo cual expuso el contrapunto en la coalici\u00f3n opositora.<\/p>\n<p><strong>Sumando a los radicales rebeldes, el oficialismo tiene n\u00famero suficiente para aprobar el proyecto<\/strong>, por lo que no fue dif\u00edcil convencer a los jefes de los bloques opositores en la reuni\u00f3n de la comisi\u00f3n de Labor Parlamentaria realizada este mi\u00e9rcoles para incluir esa iniciativa al temario de la sesi\u00f3n que comenzar\u00e1 a las 12:00.<\/p>\n<p><strong>El oficialismo est\u00e1 encolumnado a favor del proyecto<\/strong>, pero habr\u00e1n fugas de parte de los senadores de San Juan y Mendoza, a excepci\u00f3n de la vicepresidenta del interbloque del Frente de Todos, Anabel Fern\u00e1ndez Sagasti.<\/p>\n<p>Se trata de\u00a0<strong>provincias cuyos ingresos dependen fuertemente de la actividad vitivin\u00edcola<\/strong>\u00a0y hay temor de que una ley de estas caracter\u00edsticas haga mermar el consumo de ese tipo de productos.<\/p>\n<p>En la sesi\u00f3n, la primera para votar proyectos desde el 16 de noviembre pasado (hace casi cinco meses) tambi\u00e9n\u00a0<strong>se incluy\u00f3 (pese a que no estaba en las solicitudes iniciales) el proyecto de ley de Enfermer\u00eda<\/strong>, que ven\u00eda siendo reclamado por el presidente de la comisi\u00f3n de Salud, Pablo Yedlin.<\/p>\n<p>En el men\u00fa figuran otras iniciativas con media sanci\u00f3n como el Plan Federal de Capacitaci\u00f3n sobre Derechos de Ni\u00f1as, Ni\u00f1os y Adolescentes\u00a0(\u00abLey Lucio\u00bb), el proyecto de\u00a0fortalecimiento de la Justicia Penal Federal de Santa Fe\u00a0y la ley del\u00a0Sistema de Protecci\u00f3n Integral de las Personas con Discapacidad.<\/p>\n<p>Adem\u00e1s\u00a0<strong>aparecen en el temario otras medias sanciones como el proyecto que establece\u00a0exenciones al impuesto a las Ganancias<\/strong>\u00a0para trabajadores de la salud, el Plan Nacional de Cardiopat\u00edas Cong\u00e9nitas\u00a0y la ley que reconoce a la\u00a0Lengua de Se\u00f1as Argentina (LSA)\u00a0como idioma viso gestual de todo el territorio nacional.<\/p>\n<p>Por \u00faltimo,\u00a0<strong>se votar\u00e1 un proyecto para la eliminaci\u00f3n de tr\u00e1mite de fe de vida a jubilados y pensionados y titulares de pensiones no contributivas<\/strong>, y seis expedientes de distintos senadores para aprobar\u00a0una serie de pliegos de jueces y defensores en las provincias de C\u00f3rdoba y Santa Fe.<\/p>\n","protected":false},"excerpt":{"rendered":"<p>Luego del trago amargo de la sesi\u00f3n dinamitada el pasado 30 de marzo,\u00a0el Frente de Todos y las distintas variantes<\/p>\n","protected":false},"author":1,"featured_media":1391,"comment_status":"closed","ping_status":"closed","sticky":false,"template":"","format":"standard","meta":{"footnotes":"","jetpack_publicize_message":"","jetpack_publicize_feature_enabled":true,"jetpack_social_post_already_shared":false,"jetpack_social_options":{"image_generator_settings":{"template":"highway","enabled":false},"version":2}},"categories":[4],"tags":[],"class_list":["post-1390","post","type-post","status-publish","format-standard","has-post-thumbnail","hentry","category-nacionales"],"jetpack_publicize_connections":[],"_links":{"self":[{"href":"https:\/\/diariorepublica.com.ar\/web\/index.php\/wp-json\/wp\/v2\/posts\/1390"}],"collection":[{"href":"https:\/\/diariorepublica.com.ar\/web\/index.php\/wp-json\/wp\/v2\/posts"}],"about":[{"href":"https:\/\/diariorepublica.com.ar\/web\/index.php\/wp-json\/wp\/v2\/types\/post"}],"author":[{"embeddable":true,"href":"https:\/\/diariorepublica.com.ar\/web\/index.php\/wp-json\/wp\/v2\/users\/1"}],"replies":[{"embeddable":true,"href":"https:\/\/diariorepublica.com.ar\/web\/index.php\/wp-json\/wp\/v2\/comments?post=1390"}],"version-history":[{"count":1,"href":"https:\/\/diariorepublica.com.ar\/web\/index.php\/wp-json\/wp\/v2\/posts\/1390\/revisions"}],"predecessor-version":[{"id":1392,"href":"https:\/\/diariorepublica.com.ar\/web\/index.php\/wp-json\/wp\/v2\/posts\/1390\/revisions\/1392"}],"wp:featuredmedia":[{"embeddable":true,"href":"https:\/\/diariorepublica.com.ar\/web\/index.php\/wp-json\/wp\/v2\/media\/1391"}],"wp:attachment":[{"href":"https:\/\/diariorepublica.com.ar\/web\/index.php\/wp-json\/wp\/v2\/media?parent=1390"}],"wp:term":[{"taxonomy":"category","embeddable":true,"href":"https:\/\/diariorepublica.com.ar\/web\/index.php\/wp-json\/wp\/v2\/categories?post=1390"},{"taxonomy":"post_tag","embeddable":true,"href":"https:\/\/diariorepublica.com.ar\/web\/index.php\/wp-json\/wp\/v2\/tags?post=1390"}],"curies":[{"name":"wp","href":"https:\/\/api.w.org\/{rel}","templated":true}]}}