{"id":13916,"date":"2024-04-24T00:12:00","date_gmt":"2024-04-24T03:12:00","guid":{"rendered":"https:\/\/diariorepublica.com.ar\/web\/?p=13916"},"modified":"2024-04-24T08:15:39","modified_gmt":"2024-04-24T11:15:39","slug":"marcha-por-la-universidad-publica-miles-de-personas-colmaron-la-plaza-de-mayo","status":"publish","type":"post","link":"https:\/\/diariorepublica.com.ar\/web\/index.php\/nacionales\/2024\/04\/24\/marcha-por-la-universidad-publica-miles-de-personas-colmaron-la-plaza-de-mayo\/","title":{"rendered":"Marcha por la universidad p\u00fablica: miles de personas colmaron la Plaza de Mayo"},"content":{"rendered":"<p>Un duro golpe para el gobierno. Miles de estudiantes, acompa\u00f1ados por militantes y dirigentes opositores colmaron la Plaza de Mayo en lo que fue una masiva movilizaci\u00f3n universitaria, registrada tambi\u00e9n en distintos puntos del pa\u00eds.<\/p>\n<p>Fue un rechazo rotundo a las pol\u00edticas\u00a0del oficialismo y a la dr\u00e1stica disminuci\u00f3n del presupuesto universitario, con\u00a0el\u00a0potente respaldo\u00a0de miles de personas en la calle. De acuerdo con fuentes del Gobierno porte\u00f1o, se estimaron cerca de 150.000 manifestantes; seg\u00fan algunos de los organizadores, muchos m\u00e1s.<\/p>\n<p>La presidenta de la Federaci\u00f3n Universitaria Argentina (FUA), Piera Fern\u00e1ndez de Piccoli, celebr\u00f3 hoy la participaci\u00f3n de la Marcha Federal en Plaza de Mayo y lanz\u00f3 duras cr\u00edticas al gobierno del presidente Javier Milei por el recorte presupuestario.<\/p>\n<p>\u00abNo estamos dispuestos a resignar nuestro futuro\u00bb, resalt\u00f3 la dirigente universitaria.\u00a0Adem\u00e1s, advirti\u00f3 que las obras en las casas de estudios \u00abest\u00e1n paralizadas y sin certezas sobre su continuidad\u00bb.<\/p>\n<p>\u00abRechazamos la pol\u00edtica de ajuste y de disciplinamiento\u00bb, enfatiz\u00f3 la presidenta de la FUA, en el cierre del acto frente a la Casa Rosada.<\/p>\n<p>En el marco de la marcha por la universidad p\u00fablica que se desarroll\u00f3 este martes en la Ciudad de Buenos Aires, la mayor\u00eda de los participantes, estudiantes y dirigentes pol\u00edticos, coincidieron en destacar la importancia de la universidad p\u00fablica, y en contra de la iniciativa del Gobierno de recortar el presupuesto para el sector.<\/p>\n<p>Las columnas estaban integradas por estudiantes de la Universidad de Buenos Aires (UBA), Universidad Nacional de La Plata (UNLP), Universidad de la Matanza, Universidad Nacional de Lomas de Zamora, Universidad Tecnol\u00f3gica Nacional (UTN), entre otras, y tambi\u00e9n contaban con el apoyo de algunas universidades privadas que se plegaron a esta iniciativa.<\/p>\n<p>\u00abTuve la posibilidad de estudiar gracias a la universidad p\u00fablica y de otra manera no hubiera podido hacerlo. La universidad p\u00fablica me permite llegar a lo que quiero ser, estudiar lo que yo amo y es mi pasi\u00f3n, quiero que todos tengamos esa posibilidad. Estoy por mis hijos, por mi nieta y por todos los chicos que tienen que estudiar\u00bb, fueron algunos de las testimonios que se escucharon en la marcha universitaria.<\/p>\n<p>Tambi\u00e9n se hizo presente en la marcha el presidente del Frente Renovador y miembro de la C\u00e1mara de Diputados de la Naci\u00f3n Diego Giuliano, quien asegur\u00f3: \u00abEstamos marchando por la educaci\u00f3n, uno de los grandes valores de Argentina. Nuestro pa\u00eds ha tenido buenos y malos momentos pero en educaci\u00f3n hasta el momento hemos coincidido todos y es un gran valor a tener en cuenta. Lamentamos que el Gobierno haya elegido enfrentar nada menos que al sector que forma a las pr\u00f3ximas generaciones\u00bb.<\/p>\n<p>Asimismo, participaron de la iniciativas docentes de la escuela secundaria p\u00fablica. En este caso Noticias Argentinas entrevisto a una maestra de la Escuela P\u00fablica N\u00b0 7 de La Matanza que destac\u00f3: \u00abCreo que esto nos est\u00e1 dejando a la deriva y si uno no tiene escuela p\u00fablica hay muchos chicos que no pueden llegar a la universidad y salir de la pobreza\u00bb.<\/p>\n<p>Poco antes del inicio de la Marcha Universitaria Federal, el vocero presidencial Manuel Adorni asegur\u00f3 que la discusi\u00f3n presupuestaria \u201cest\u00e1 saldada\u201d y asegur\u00f3 que los referentes opositores que asistir\u00e1n, a los que defini\u00f3 como \u201ctren fantasma\u201d, politizaron el reclamo.<\/p>\n<p>En la habitual conferencia de prensa en Casa Rosada, el funcionario plante\u00f3 que si bien \u201crespeta los reclamos que puedan tener los estudiantes genuinamente\u201d, la discusi\u00f3n presupuestaria \u201cest\u00e1 saldada\u201d.<\/p>\n<p>El argumento del gobierno de Javier Milei para dar por terminado el conflicto, a pesar de la aclaraci\u00f3n del Consejo Interuniversitario Nacional (CIN) fue la realizaci\u00f3n del dep\u00f3sito de una nueva actualizaci\u00f3n del 70% de los gastos de funcionamiento de las Universidades Nacionales, que conforman una parte del presupuesto junto con los salarios del personal docentes y no docentes y los programas especiales.<\/p>\n<p>Para el vocero, la protesta se transform\u00f3 en \u201cuna marcha pol\u00edtica\u201d, por lo que propici\u00f3 fuertes cuestionamientos contra los referentes opositores a los que referenci\u00f3 como \u201cel tren fantasma\u201d.<\/p>\n","protected":false},"excerpt":{"rendered":"<p>Un duro golpe para el gobierno. Miles de estudiantes, acompa\u00f1ados por militantes y dirigentes opositores colmaron la Plaza de Mayo<\/p>\n","protected":false},"author":1,"featured_media":13917,"comment_status":"closed","ping_status":"closed","sticky":false,"template":"","format":"standard","meta":{"footnotes":"","jetpack_publicize_message":"","jetpack_publicize_feature_enabled":true,"jetpack_social_post_already_shared":true,"jetpack_social_options":{"image_generator_settings":{"template":"highway","enabled":false},"version":2}},"categories":[4],"tags":[],"class_list":["post-13916","post","type-post","status-publish","format-standard","has-post-thumbnail","hentry","category-nacionales"],"jetpack_publicize_connections":[],"_links":{"self":[{"href":"https:\/\/diariorepublica.com.ar\/web\/index.php\/wp-json\/wp\/v2\/posts\/13916"}],"collection":[{"href":"https:\/\/diariorepublica.com.ar\/web\/index.php\/wp-json\/wp\/v2\/posts"}],"about":[{"href":"https:\/\/diariorepublica.com.ar\/web\/index.php\/wp-json\/wp\/v2\/types\/post"}],"author":[{"embeddable":true,"href":"https:\/\/diariorepublica.com.ar\/web\/index.php\/wp-json\/wp\/v2\/users\/1"}],"replies":[{"embeddable":true,"href":"https:\/\/diariorepublica.com.ar\/web\/index.php\/wp-json\/wp\/v2\/comments?post=13916"}],"version-history":[{"count":1,"href":"https:\/\/diariorepublica.com.ar\/web\/index.php\/wp-json\/wp\/v2\/posts\/13916\/revisions"}],"predecessor-version":[{"id":13918,"href":"https:\/\/diariorepublica.com.ar\/web\/index.php\/wp-json\/wp\/v2\/posts\/13916\/revisions\/13918"}],"wp:featuredmedia":[{"embeddable":true,"href":"https:\/\/diariorepublica.com.ar\/web\/index.php\/wp-json\/wp\/v2\/media\/13917"}],"wp:attachment":[{"href":"https:\/\/diariorepublica.com.ar\/web\/index.php\/wp-json\/wp\/v2\/media?parent=13916"}],"wp:term":[{"taxonomy":"category","embeddable":true,"href":"https:\/\/diariorepublica.com.ar\/web\/index.php\/wp-json\/wp\/v2\/categories?post=13916"},{"taxonomy":"post_tag","embeddable":true,"href":"https:\/\/diariorepublica.com.ar\/web\/index.php\/wp-json\/wp\/v2\/tags?post=13916"}],"curies":[{"name":"wp","href":"https:\/\/api.w.org\/{rel}","templated":true}]}}