{"id":13919,"date":"2024-04-24T08:16:26","date_gmt":"2024-04-24T11:16:26","guid":{"rendered":"https:\/\/diariorepublica.com.ar\/web\/?p=13919"},"modified":"2024-04-24T08:16:28","modified_gmt":"2024-04-24T11:16:28","slug":"un-arbitro-argentino-dirigira-en-la-eurocopa-2024","status":"publish","type":"post","link":"https:\/\/diariorepublica.com.ar\/web\/index.php\/deportes\/2024\/04\/24\/un-arbitro-argentino-dirigira-en-la-eurocopa-2024\/","title":{"rendered":"Un \u00e1rbitro argentino dirigir\u00e1 en la Eurocopa 2024"},"content":{"rendered":"<p>Entre el 14 de junio y el 14 de julio se llevar\u00e1 a cabo la Eurocopa 2024 en Alemania y para dicho certamen habr\u00e1 presencia argentina. Se trata de Facundo Tello que fue elegido por las autoridades de UEFA para ser uno de los \u00e1rbitros principales del certamen.<\/p>\n<p>No ser\u00e1 la primera vez que el juez de 41 a\u00f1os diga presente en un torneo internacional de este calibre, ya que tuvo participaci\u00f3n en la \u00faltima Copa del Mundo de Qatar 2022 donde imparti\u00f3 justicia en tres partidos: Suiza-Camer\u00fan, Corea del Sur-Portugal y Marruecos-Portugal.<\/p>\n<p>La inclusi\u00f3n de Tello en el torneo que re\u00fane a los mejores seleccionados del Viejo Continente se produce por el acuerdo de intercambio entre UEFA y Conmebol. Quienes acompa\u00f1ar\u00e1n a Tello ser\u00e1n sus compatriotas Gabriel Chade y Ezeguiel Brailovsky, relevando a Fernando Rapallini, Juan Pablo Belatti y Diego Bonf\u00e1, que dirigieron en la pasada Eurocopa 2020.<\/p>\n<p>Respaldando la elecci\u00f3n de Tello entre los 18 \u00e1rbitros principales seleccionado, Roberto Rosetti, director general de arbitraje de la UEFA se refiri\u00f3 a los jueces por los que se inclinaron: \u201cSeleccionamos a los mejores \u00e1rbitros que han actuado al m\u00e1s alto nivel en las principales competiciones. Se han preparado excepcionalmente bien para estar en esta posici\u00f3n y tenemos plena confianza en que demostrar\u00e1n su calidad en el torneo final\u201d.<\/p>\n<p>En cuanto a otros detalles de los equipos arbitrales para la pr\u00f3xima Eurocopa, los mismos estar\u00e1n formados por un colegiado, dos asistentes, un cuarto \u00e1rbitro, un asistente de reserva en el estadio y tres oficiales de encuentro en el VAR.<\/p>\n<p>Todos los \u00e1rbitros, asistentes y oficiales de VAR tendr\u00e1n que completar su preparaci\u00f3n con un curso en Frankfurt a mediados de mayo. En esta ciudad tendr\u00e1n su campamento base todos menos los encargados del video, que se concentrar\u00e1n en Leipzig, ya que los encuentros se operar\u00e1n desde el Centro Internacional de Transmisiones all\u00ed instalado.<\/p>\n<p>Respecto al torneo en s\u00ed, quienes levantar\u00e1n el tel\u00f3n a una nueva edici\u00f3n de la Eurocopa que tiene como campe\u00f3n defensor a Italia, ser\u00e1n el anfitri\u00f3n Alemania ante Escocia en M\u00fanich el 14 de junio a partir de las 16:00 (horario de Argentina).<\/p>\n","protected":false},"excerpt":{"rendered":"<p>Entre el 14 de junio y el 14 de julio se llevar\u00e1 a cabo la Eurocopa 2024 en Alemania y<\/p>\n","protected":false},"author":1,"featured_media":13920,"comment_status":"closed","ping_status":"closed","sticky":false,"template":"","format":"standard","meta":{"footnotes":"","jetpack_publicize_message":"","jetpack_publicize_feature_enabled":true,"jetpack_social_post_already_shared":true,"jetpack_social_options":{"image_generator_settings":{"template":"highway","enabled":false},"version":2}},"categories":[9],"tags":[],"class_list":["post-13919","post","type-post","status-publish","format-standard","has-post-thumbnail","hentry","category-deportes"],"jetpack_publicize_connections":[],"_links":{"self":[{"href":"https:\/\/diariorepublica.com.ar\/web\/index.php\/wp-json\/wp\/v2\/posts\/13919"}],"collection":[{"href":"https:\/\/diariorepublica.com.ar\/web\/index.php\/wp-json\/wp\/v2\/posts"}],"about":[{"href":"https:\/\/diariorepublica.com.ar\/web\/index.php\/wp-json\/wp\/v2\/types\/post"}],"author":[{"embeddable":true,"href":"https:\/\/diariorepublica.com.ar\/web\/index.php\/wp-json\/wp\/v2\/users\/1"}],"replies":[{"embeddable":true,"href":"https:\/\/diariorepublica.com.ar\/web\/index.php\/wp-json\/wp\/v2\/comments?post=13919"}],"version-history":[{"count":1,"href":"https:\/\/diariorepublica.com.ar\/web\/index.php\/wp-json\/wp\/v2\/posts\/13919\/revisions"}],"predecessor-version":[{"id":13921,"href":"https:\/\/diariorepublica.com.ar\/web\/index.php\/wp-json\/wp\/v2\/posts\/13919\/revisions\/13921"}],"wp:featuredmedia":[{"embeddable":true,"href":"https:\/\/diariorepublica.com.ar\/web\/index.php\/wp-json\/wp\/v2\/media\/13920"}],"wp:attachment":[{"href":"https:\/\/diariorepublica.com.ar\/web\/index.php\/wp-json\/wp\/v2\/media?parent=13919"}],"wp:term":[{"taxonomy":"category","embeddable":true,"href":"https:\/\/diariorepublica.com.ar\/web\/index.php\/wp-json\/wp\/v2\/categories?post=13919"},{"taxonomy":"post_tag","embeddable":true,"href":"https:\/\/diariorepublica.com.ar\/web\/index.php\/wp-json\/wp\/v2\/tags?post=13919"}],"curies":[{"name":"wp","href":"https:\/\/api.w.org\/{rel}","templated":true}]}}