{"id":13922,"date":"2024-04-24T00:01:00","date_gmt":"2024-04-24T03:01:00","guid":{"rendered":"https:\/\/diariorepublica.com.ar\/web\/?p=13922"},"modified":"2024-04-24T08:17:51","modified_gmt":"2024-04-24T11:17:51","slug":"coletazos-de-la-marcha-federal-universitaria-renunciaron-dos-funcionarios-del-ministerio-de-capital-humano","status":"publish","type":"post","link":"https:\/\/diariorepublica.com.ar\/web\/index.php\/nacionales\/2024\/04\/24\/coletazos-de-la-marcha-federal-universitaria-renunciaron-dos-funcionarios-del-ministerio-de-capital-humano\/","title":{"rendered":"Coletazos de la Marcha Federal Universitaria: renunciaron dos funcionarios del Ministerio de Capital Humano"},"content":{"rendered":"<article id=\"article-post\" class=\"first\">\n<div class=\"cuerpo\" data-twitter-link=\"https:\/\/twitter.com\/intent\/tweet?url=https:\/\/www.diariopopular.com.ar\/c783462&amp;via=poopulardiario&amp;related=Popular&amp;text=\">\n<p>En las \u00faltimas horas\u00a0<strong>present\u00f3 su renuncia Maximiliano Keczeli, mano derecha de la ministra de Capital Humano Sandra Pettovello<\/strong>\u00a0y hombre clave de la gesti\u00f3n de ese mega ministerio. Keczeli se desempe\u00f1aba como secretario de Coordinaci\u00f3n Legal y Administrativa del Ministerio de Capital Humano, pero en concordancia con la magnitud de esa cartera se hizo cargo de m\u00faltiples \u00e1reas cr\u00edticas. Una de ellas fue la de presupuesto universitario, que hoy tendr\u00e1 su m\u00e1xima expresi\u00f3n de rechazos en las calles de todo el pa\u00eds a trav\u00e9s de la\u00a0<strong>Marcha Federal Universitaria<\/strong>.<\/p>\n<\/div>\n<\/article>\n<article id=\"article-post\">\n<div class=\"cuerpo\" data-twitter-link=\"https:\/\/twitter.com\/intent\/tweet?url=https:\/\/www.diariopopular.com.ar\/c783462&amp;via=poopulardiario&amp;related=Popular&amp;text=\">\n<p>No fue la \u00fanica salida de peso en Capital Humano: este martes tambi\u00e9n se dio a conocer\u00a0<strong>la renuncia de Gerardo Marcelo Hita, quien ocupaba el puesto de director del Consejo Nacional de Coordinaci\u00f3n de Pol\u00edticas Sociales<\/strong>. Los dos ahora exfuncionarios adujeron razones de \u00edndole personal.<\/p>\n<p>En el caso de Keczeli su alejamiento no s\u00f3lo ocurri\u00f3 en el marco de la marcha contra el feroz recorte del Gobierno a las universidades p\u00fablicas, sino tambi\u00e9n un d\u00eda despu\u00e9s del desmantelamiento confirmado del INCAA (Instituto Nacional de Cine y Artes Audiovisuales), de la cual \u00e9l hab\u00eda sido responsable interino antes del vaciamiento.<\/p>\n<p>Por su parte, Gerardo Marcelo Hita hab\u00eda sido designado a trav\u00e9s del decreto 68\/2024. \u201c\u201dDes\u00edgnase, a partir del 12 de enero de 2024, en el cargo de Presidente del CONSEJO NACIONAL DE COORDINACI\u00d3N DE POL\u00cdTICAS SOCIALES, organismo actuante en el \u00e1mbito del MINISTERIO DE CAPITAL HUMANO al licenciado Gerardo Marcelo HITA\u201d, se precisa en el bolet\u00edn oficial.<\/p>\n<p>Antes de las renuncias que se conocieron este d\u00eda martes, justo en momentos en que se registra la masiva marcha por el presupuesto universitario, entre otros reclamos, hab\u00eda renunciado el director de la Casa Grande \u201cN\u00e9stor Kirchner\u201d, Marcelo Basilotta. La decisi\u00f3n se conoci\u00f3 a pocas horas de que se confirmara el cambio de nombre de esa dependencia a \u201cCasa Patria Libertad\u00bb<\/p>\n<\/div>\n<\/article>\n","protected":false},"excerpt":{"rendered":"<p>En las \u00faltimas horas\u00a0present\u00f3 su renuncia Maximiliano Keczeli, mano derecha de la ministra de Capital Humano Sandra Pettovello\u00a0y hombre clave<\/p>\n","protected":false},"author":1,"featured_media":13923,"comment_status":"closed","ping_status":"closed","sticky":false,"template":"","format":"standard","meta":{"footnotes":"","jetpack_publicize_message":"","jetpack_publicize_feature_enabled":true,"jetpack_social_post_already_shared":true,"jetpack_social_options":{"image_generator_settings":{"template":"highway","enabled":false},"version":2}},"categories":[4],"tags":[],"class_list":["post-13922","post","type-post","status-publish","format-standard","has-post-thumbnail","hentry","category-nacionales"],"jetpack_publicize_connections":[],"_links":{"self":[{"href":"https:\/\/diariorepublica.com.ar\/web\/index.php\/wp-json\/wp\/v2\/posts\/13922"}],"collection":[{"href":"https:\/\/diariorepublica.com.ar\/web\/index.php\/wp-json\/wp\/v2\/posts"}],"about":[{"href":"https:\/\/diariorepublica.com.ar\/web\/index.php\/wp-json\/wp\/v2\/types\/post"}],"author":[{"embeddable":true,"href":"https:\/\/diariorepublica.com.ar\/web\/index.php\/wp-json\/wp\/v2\/users\/1"}],"replies":[{"embeddable":true,"href":"https:\/\/diariorepublica.com.ar\/web\/index.php\/wp-json\/wp\/v2\/comments?post=13922"}],"version-history":[{"count":1,"href":"https:\/\/diariorepublica.com.ar\/web\/index.php\/wp-json\/wp\/v2\/posts\/13922\/revisions"}],"predecessor-version":[{"id":13924,"href":"https:\/\/diariorepublica.com.ar\/web\/index.php\/wp-json\/wp\/v2\/posts\/13922\/revisions\/13924"}],"wp:featuredmedia":[{"embeddable":true,"href":"https:\/\/diariorepublica.com.ar\/web\/index.php\/wp-json\/wp\/v2\/media\/13923"}],"wp:attachment":[{"href":"https:\/\/diariorepublica.com.ar\/web\/index.php\/wp-json\/wp\/v2\/media?parent=13922"}],"wp:term":[{"taxonomy":"category","embeddable":true,"href":"https:\/\/diariorepublica.com.ar\/web\/index.php\/wp-json\/wp\/v2\/categories?post=13922"},{"taxonomy":"post_tag","embeddable":true,"href":"https:\/\/diariorepublica.com.ar\/web\/index.php\/wp-json\/wp\/v2\/tags?post=13922"}],"curies":[{"name":"wp","href":"https:\/\/api.w.org\/{rel}","templated":true}]}}