{"id":13928,"date":"2024-04-24T05:19:00","date_gmt":"2024-04-24T08:19:00","guid":{"rendered":"https:\/\/diariorepublica.com.ar\/web\/?p=13928"},"modified":"2024-04-24T08:19:51","modified_gmt":"2024-04-24T11:19:51","slug":"argentinos-juniors-vencio-a-corinthians-y-se-trepo-a-la-punta","status":"publish","type":"post","link":"https:\/\/diariorepublica.com.ar\/web\/index.php\/deportes\/2024\/04\/24\/argentinos-juniors-vencio-a-corinthians-y-se-trepo-a-la-punta\/","title":{"rendered":"Argentinos Juniors venci\u00f3 a Corinthians y se trep\u00f3 a la punta"},"content":{"rendered":"<article id=\"article-post\" class=\"first\">\n<div class=\"cuerpo\" data-twitter-link=\"https:\/\/twitter.com\/intent\/tweet?url=https:\/\/www.diariopopular.com.ar\/c783558&amp;via=poopulardiario&amp;related=Popular&amp;text=\">\n<p><strong>Despu\u00e9s de sufrir una inesperada goleada como local frente a Racing de Montevideo, Argentinos Juniors retom\u00f3 la senda del triunfo en la Copa Conmebol Sudamericana al derrotar a Corinthians de Brasil por 1-0 en el estadio Diego Armando Maradona.<\/strong><\/p>\n<\/div>\n<\/article>\n<article id=\"article-post\">\n<div class=\"cuerpo\" data-twitter-link=\"https:\/\/twitter.com\/intent\/tweet?url=https:\/\/www.diariopopular.com.ar\/c783558&amp;via=poopulardiario&amp;related=Popular&amp;text=\">\n<p>Gast\u00f3n Ver\u00f3n, a los 2 minutos del primer tiempo, le dio la victoria al conjunto de La Paternal que termin\u00f3 jugando con un hombre de m\u00e1s debido a la expulsi\u00f3n de Ra\u00fal Gustavo, defensor del elenco paulista, a los 14 minutos de la parte complementaria.<\/p>\n<div id=\"embed22_wrap\" class=\"embed_cont type_freetext\" contenteditable=\"false\">\n<div id=\"embed22_content\" class=\"embed_content\">\n<div id=\"embed22_embed\">\n<div class=\"video_container\"><iframe loading=\"lazy\" class=\"video_iframe\" src=\"https:\/\/www.youtube.com\/embed\/7x0ReolSJFM\" width=\"100%\" height=\"360\" frameborder=\"0\" scrolling=\"no\" data-gtm-yt-inspected-12=\"true\" data-mce-fragment=\"1\"><\/iframe><\/div>\n<\/div>\n<\/div>\n<div id=\"embed22_epigrafe\" class=\"embed_epigrafe\"><\/div>\n<div id=\"embed22_copyright\" class=\"embed_copyright\"><\/div>\n<\/div>\n<p>Con los tres puntos obtenidos, el\u00a0<em>Bicho<\/em>\u00a0se fue a 6 y por el momento lidera el Grupo F del certamen a la espera de lo que ocurra el pr\u00f3ximo jueves con Racing de Montevideo (4), que visitar\u00e1 a Nacional de Paraguay, que a\u00fan no sum\u00f3 unidad alguna.<\/p>\n<p>La pr\u00f3xima presentaci\u00f3n del equipo de Pablo Guede tendr\u00e1 lugar en Uruguay el 7 de mayo, d\u00eda en el que visitar\u00e1 a racing de Montevideo en un partido clave. El 14 visitar\u00e1 al\u00a0<em>Timao<\/em> y cerrar\u00e1 su participaci\u00f3n en la fase regular del certamen recibiendo a Nacional el 28 del mismo mes.<\/p>\n<\/div>\n<\/article>\n","protected":false},"excerpt":{"rendered":"<p>Despu\u00e9s de sufrir una inesperada goleada como local frente a Racing de Montevideo, Argentinos Juniors retom\u00f3 la senda del triunfo<\/p>\n","protected":false},"author":1,"featured_media":13929,"comment_status":"closed","ping_status":"closed","sticky":false,"template":"","format":"standard","meta":{"footnotes":"","jetpack_publicize_message":"","jetpack_publicize_feature_enabled":true,"jetpack_social_post_already_shared":true,"jetpack_social_options":{"image_generator_settings":{"template":"highway","enabled":false},"version":2}},"categories":[9],"tags":[],"class_list":["post-13928","post","type-post","status-publish","format-standard","has-post-thumbnail","hentry","category-deportes"],"jetpack_publicize_connections":[],"_links":{"self":[{"href":"https:\/\/diariorepublica.com.ar\/web\/index.php\/wp-json\/wp\/v2\/posts\/13928"}],"collection":[{"href":"https:\/\/diariorepublica.com.ar\/web\/index.php\/wp-json\/wp\/v2\/posts"}],"about":[{"href":"https:\/\/diariorepublica.com.ar\/web\/index.php\/wp-json\/wp\/v2\/types\/post"}],"author":[{"embeddable":true,"href":"https:\/\/diariorepublica.com.ar\/web\/index.php\/wp-json\/wp\/v2\/users\/1"}],"replies":[{"embeddable":true,"href":"https:\/\/diariorepublica.com.ar\/web\/index.php\/wp-json\/wp\/v2\/comments?post=13928"}],"version-history":[{"count":1,"href":"https:\/\/diariorepublica.com.ar\/web\/index.php\/wp-json\/wp\/v2\/posts\/13928\/revisions"}],"predecessor-version":[{"id":13930,"href":"https:\/\/diariorepublica.com.ar\/web\/index.php\/wp-json\/wp\/v2\/posts\/13928\/revisions\/13930"}],"wp:featuredmedia":[{"embeddable":true,"href":"https:\/\/diariorepublica.com.ar\/web\/index.php\/wp-json\/wp\/v2\/media\/13929"}],"wp:attachment":[{"href":"https:\/\/diariorepublica.com.ar\/web\/index.php\/wp-json\/wp\/v2\/media?parent=13928"}],"wp:term":[{"taxonomy":"category","embeddable":true,"href":"https:\/\/diariorepublica.com.ar\/web\/index.php\/wp-json\/wp\/v2\/categories?post=13928"},{"taxonomy":"post_tag","embeddable":true,"href":"https:\/\/diariorepublica.com.ar\/web\/index.php\/wp-json\/wp\/v2\/tags?post=13928"}],"curies":[{"name":"wp","href":"https:\/\/api.w.org\/{rel}","templated":true}]}}