{"id":1396,"date":"2023-04-13T07:49:12","date_gmt":"2023-04-13T10:49:12","guid":{"rendered":"https:\/\/diariorepublica.com.ar\/web\/?p=1396"},"modified":"2023-04-13T07:49:13","modified_gmt":"2023-04-13T10:49:13","slug":"jalil-debe-ser-citado-a-declarar-en-el-caso-rojas","status":"publish","type":"post","link":"https:\/\/diariorepublica.com.ar\/web\/index.php\/politica\/2023\/04\/13\/jalil-debe-ser-citado-a-declarar-en-el-caso-rojas\/","title":{"rendered":"\u00abJalil debe ser citado a declarar en el Caso Rojas\u00bb"},"content":{"rendered":"<p>El diputado nacional Francisco Monti (UCR) expres\u00f3 sus dudas respecto de c\u00f3mo se tom\u00f3 la decisi\u00f3n de realizar una segunda autopsia al cuerpo del ministro Juan Carlos Rojas y consider\u00f3 que el gobernador Ra\u00fal Jalil deber\u00eda ser citado por la Justicia para aclarar si tuvo alguna participaci\u00f3n en las primeras horas de la investigaci\u00f3n. \u201cNo ser\u00eda raro, porque la independencia del Poder Judicial no existe en Catamarca\u201d<\/p>\n<p>Monti dijo \u201cDe resultar certeras las aseveraciones de Luis Barrionuevo, est\u00e1 obligado el gobernador Ra\u00fal Jalil a explicar ante la opini\u00f3n p\u00fablica y ser citado en la causa penal para determinar si tuvo alg\u00fan rol en la toma de decisiones en esas horas clave de la investigaci\u00f3n y que est\u00e1n relacionadas a la pr\u00e1ctica de autopsias, lo cual no ser\u00eda extra\u00f1o dado que la independencia judicial en Catamarca no existe\u201d<\/p>\n","protected":false},"excerpt":{"rendered":"<p>El diputado nacional Francisco Monti (UCR) expres\u00f3 sus dudas respecto de c\u00f3mo se tom\u00f3 la decisi\u00f3n de realizar una segunda<\/p>\n","protected":false},"author":2,"featured_media":1400,"comment_status":"closed","ping_status":"closed","sticky":false,"template":"","format":"standard","meta":{"footnotes":"","jetpack_publicize_message":"","jetpack_publicize_feature_enabled":true,"jetpack_social_post_already_shared":false,"jetpack_social_options":{"image_generator_settings":{"template":"highway","enabled":false},"version":2}},"categories":[12],"tags":[],"class_list":["post-1396","post","type-post","status-publish","format-standard","has-post-thumbnail","hentry","category-politica"],"jetpack_publicize_connections":[],"_links":{"self":[{"href":"https:\/\/diariorepublica.com.ar\/web\/index.php\/wp-json\/wp\/v2\/posts\/1396"}],"collection":[{"href":"https:\/\/diariorepublica.com.ar\/web\/index.php\/wp-json\/wp\/v2\/posts"}],"about":[{"href":"https:\/\/diariorepublica.com.ar\/web\/index.php\/wp-json\/wp\/v2\/types\/post"}],"author":[{"embeddable":true,"href":"https:\/\/diariorepublica.com.ar\/web\/index.php\/wp-json\/wp\/v2\/users\/2"}],"replies":[{"embeddable":true,"href":"https:\/\/diariorepublica.com.ar\/web\/index.php\/wp-json\/wp\/v2\/comments?post=1396"}],"version-history":[{"count":1,"href":"https:\/\/diariorepublica.com.ar\/web\/index.php\/wp-json\/wp\/v2\/posts\/1396\/revisions"}],"predecessor-version":[{"id":1401,"href":"https:\/\/diariorepublica.com.ar\/web\/index.php\/wp-json\/wp\/v2\/posts\/1396\/revisions\/1401"}],"wp:featuredmedia":[{"embeddable":true,"href":"https:\/\/diariorepublica.com.ar\/web\/index.php\/wp-json\/wp\/v2\/media\/1400"}],"wp:attachment":[{"href":"https:\/\/diariorepublica.com.ar\/web\/index.php\/wp-json\/wp\/v2\/media?parent=1396"}],"wp:term":[{"taxonomy":"category","embeddable":true,"href":"https:\/\/diariorepublica.com.ar\/web\/index.php\/wp-json\/wp\/v2\/categories?post=1396"},{"taxonomy":"post_tag","embeddable":true,"href":"https:\/\/diariorepublica.com.ar\/web\/index.php\/wp-json\/wp\/v2\/tags?post=1396"}],"curies":[{"name":"wp","href":"https:\/\/api.w.org\/{rel}","templated":true}]}}