{"id":1399,"date":"2023-04-13T07:49:41","date_gmt":"2023-04-13T10:49:41","guid":{"rendered":"https:\/\/diariorepublica.com.ar\/web\/?p=1399"},"modified":"2023-04-13T07:49:44","modified_gmt":"2023-04-13T10:49:44","slug":"gerard-depardieu-en-el-ojo-de-la-tormenta-fue-acusado-por-13-mujeres-de-violencia-sexual","status":"publish","type":"post","link":"https:\/\/diariorepublica.com.ar\/web\/index.php\/espectaculos\/2023\/04\/13\/gerard-depardieu-en-el-ojo-de-la-tormenta-fue-acusado-por-13-mujeres-de-violencia-sexual\/","title":{"rendered":"G\u00e9rard Depardieu en el ojo de la tormenta:\u00a0fue acusado por 13 mujeres de \u201cviolencia sexual\u201d"},"content":{"rendered":"<p>En las \u00faltimas horas,<strong>\u00a0trece mujeres acusaron<\/strong>\u00a0al actor franc\u00e9s<strong>\u00a0G\u00e9rard Depardieu de haber cometido actos de violencia sexual<\/strong>\u00a0durante las grabaciones de diversas producciones a lo largo de 18 a\u00f1os.<\/p>\n<p>Estas demandas se concretaron mientras el actor es investigado por la presunta violaci\u00f3n de la actriz\u00a0<strong>Charlotte Arnould, en un episodio ocurrido en 2018,<\/strong>\u00a0aunque la demanda fue presentada dos a\u00f1os m\u00e1s tarde.<\/p>\n<p>Seg\u00fan un informe publicado este mi\u00e9rcoles por el\u00a0<strong>portal franc\u00e9s Mediapart,<\/strong>\u00a0las mujeres declararon haber experimentado<strong>\u00a0\u00abgestos o comentarios sexuales inapropiados\u00bb por parte del actor,<\/strong>\u00a0durante el rodaje de once pel\u00edculas o series que se estrenaron entre 2004 y 2022.<\/p>\n<p>Algunas de las trece mujeres compartieron sus experiencias de manera an\u00f3nima o bajo seud\u00f3nimos. Todas las presuntas v\u00edctimas describieron un comportamiento habitual del veterano actor, de 74 a\u00f1os, quien\u00a0<strong>las tocaba sin consentimiento o hac\u00eda comentarios sexuales inapropiados.<\/strong><\/p>\n<p>Por otra parte, y con respecto a la denuncia de Arnould, el actor fue acusado formalmente de violaci\u00f3n y agresi\u00f3n sexual, en 2020, en un hecho que se produjo en su mansi\u00f3n ubicada en Par\u00eds.<\/p>\n<p>En ese a\u00f1o, Depardieu fue objeto de una investigaci\u00f3n judicial despu\u00e9s de que Arnould lo acusara de violarla dos veces en agosto de 2018, cuando ella ten\u00eda 22 a\u00f1os.<\/p>\n<p>Durante las audiencias, que formaban parte de la investigaci\u00f3n,\u00a0<strong>Depardieu neg\u00f3 ser \u00abun depredador\u00bb, y se describi\u00f3 a s\u00ed mismo como \u00abun caballero amante del cortejo\u00bb.<\/strong><\/p>\n","protected":false},"excerpt":{"rendered":"<p>En las \u00faltimas horas,\u00a0trece mujeres acusaron\u00a0al actor franc\u00e9s\u00a0G\u00e9rard Depardieu de haber cometido actos de violencia sexual\u00a0durante las grabaciones de diversas<\/p>\n","protected":false},"author":1,"featured_media":1403,"comment_status":"closed","ping_status":"closed","sticky":false,"template":"","format":"standard","meta":{"footnotes":"","jetpack_publicize_message":"","jetpack_publicize_feature_enabled":true,"jetpack_social_post_already_shared":false,"jetpack_social_options":{"image_generator_settings":{"template":"highway","enabled":false},"version":2}},"categories":[7],"tags":[],"class_list":["post-1399","post","type-post","status-publish","format-standard","has-post-thumbnail","hentry","category-espectaculos"],"jetpack_publicize_connections":[],"_links":{"self":[{"href":"https:\/\/diariorepublica.com.ar\/web\/index.php\/wp-json\/wp\/v2\/posts\/1399"}],"collection":[{"href":"https:\/\/diariorepublica.com.ar\/web\/index.php\/wp-json\/wp\/v2\/posts"}],"about":[{"href":"https:\/\/diariorepublica.com.ar\/web\/index.php\/wp-json\/wp\/v2\/types\/post"}],"author":[{"embeddable":true,"href":"https:\/\/diariorepublica.com.ar\/web\/index.php\/wp-json\/wp\/v2\/users\/1"}],"replies":[{"embeddable":true,"href":"https:\/\/diariorepublica.com.ar\/web\/index.php\/wp-json\/wp\/v2\/comments?post=1399"}],"version-history":[{"count":1,"href":"https:\/\/diariorepublica.com.ar\/web\/index.php\/wp-json\/wp\/v2\/posts\/1399\/revisions"}],"predecessor-version":[{"id":1404,"href":"https:\/\/diariorepublica.com.ar\/web\/index.php\/wp-json\/wp\/v2\/posts\/1399\/revisions\/1404"}],"wp:featuredmedia":[{"embeddable":true,"href":"https:\/\/diariorepublica.com.ar\/web\/index.php\/wp-json\/wp\/v2\/media\/1403"}],"wp:attachment":[{"href":"https:\/\/diariorepublica.com.ar\/web\/index.php\/wp-json\/wp\/v2\/media?parent=1399"}],"wp:term":[{"taxonomy":"category","embeddable":true,"href":"https:\/\/diariorepublica.com.ar\/web\/index.php\/wp-json\/wp\/v2\/categories?post=1399"},{"taxonomy":"post_tag","embeddable":true,"href":"https:\/\/diariorepublica.com.ar\/web\/index.php\/wp-json\/wp\/v2\/tags?post=1399"}],"curies":[{"name":"wp","href":"https:\/\/api.w.org\/{rel}","templated":true}]}}