{"id":14013,"date":"2024-04-26T07:00:00","date_gmt":"2024-04-26T10:00:00","guid":{"rendered":"https:\/\/diariorepublica.com.ar\/web\/?p=14013"},"modified":"2024-04-26T07:28:55","modified_gmt":"2024-04-26T10:28:55","slug":"fuerte-sismo-de-4-6-grados-en-cordoba","status":"publish","type":"post","link":"https:\/\/diariorepublica.com.ar\/web\/index.php\/nacionales\/2024\/04\/26\/fuerte-sismo-de-4-6-grados-en-cordoba\/","title":{"rendered":"Fuerte sismo de 4.6 grados en C\u00f3rdoba"},"content":{"rendered":"<p>Un fuerte\u00a0<strong>temblor<\/strong>\u00a0se sinti\u00f3 este jueves en\u00a0<strong>C\u00f3rdoba<\/strong>. El movimiento fue registrado a las 20:54 y tuvo una magnitud\u00a0<strong>4.6 en la escala de Richter<\/strong>.<\/p>\n<p>El Instituto Nacional de Prevenci\u00f3n S\u00edsmica (Inpres) anticip\u00f3 que el evento tuvo una profundidad de 10 kil\u00f3metros.<\/p>\n<p>Movimiento contundente y un ruido similar al de un trueno, fueron las caracter\u00edsticas con las que lo percibieron la mayor\u00eda de los vecinos en la capital y localidades aleda\u00f1as.<\/p>\n<p>Seg\u00fan los datos preliminares del organismo, el epicentro estuvo situado 39 kil\u00f3metros al norte de la ciudad de C\u00f3rdoba y 13 kil\u00f3metros al sudoeste de Jes\u00fas Mar\u00eda.<\/p>\n\n\n<p><\/p>\n","protected":false},"excerpt":{"rendered":"<p>Un fuerte\u00a0temblor\u00a0se sinti\u00f3 este jueves en\u00a0C\u00f3rdoba. El movimiento fue registrado a las 20:54 y tuvo una magnitud\u00a04.6 en la escala<\/p>\n","protected":false},"author":1,"featured_media":14014,"comment_status":"closed","ping_status":"closed","sticky":false,"template":"","format":"standard","meta":{"footnotes":"","jetpack_publicize_message":"","jetpack_publicize_feature_enabled":true,"jetpack_social_post_already_shared":true,"jetpack_social_options":{"image_generator_settings":{"template":"highway","enabled":false},"version":2}},"categories":[4],"tags":[],"class_list":["post-14013","post","type-post","status-publish","format-standard","has-post-thumbnail","hentry","category-nacionales"],"jetpack_publicize_connections":[],"_links":{"self":[{"href":"https:\/\/diariorepublica.com.ar\/web\/index.php\/wp-json\/wp\/v2\/posts\/14013"}],"collection":[{"href":"https:\/\/diariorepublica.com.ar\/web\/index.php\/wp-json\/wp\/v2\/posts"}],"about":[{"href":"https:\/\/diariorepublica.com.ar\/web\/index.php\/wp-json\/wp\/v2\/types\/post"}],"author":[{"embeddable":true,"href":"https:\/\/diariorepublica.com.ar\/web\/index.php\/wp-json\/wp\/v2\/users\/1"}],"replies":[{"embeddable":true,"href":"https:\/\/diariorepublica.com.ar\/web\/index.php\/wp-json\/wp\/v2\/comments?post=14013"}],"version-history":[{"count":1,"href":"https:\/\/diariorepublica.com.ar\/web\/index.php\/wp-json\/wp\/v2\/posts\/14013\/revisions"}],"predecessor-version":[{"id":14015,"href":"https:\/\/diariorepublica.com.ar\/web\/index.php\/wp-json\/wp\/v2\/posts\/14013\/revisions\/14015"}],"wp:featuredmedia":[{"embeddable":true,"href":"https:\/\/diariorepublica.com.ar\/web\/index.php\/wp-json\/wp\/v2\/media\/14014"}],"wp:attachment":[{"href":"https:\/\/diariorepublica.com.ar\/web\/index.php\/wp-json\/wp\/v2\/media?parent=14013"}],"wp:term":[{"taxonomy":"category","embeddable":true,"href":"https:\/\/diariorepublica.com.ar\/web\/index.php\/wp-json\/wp\/v2\/categories?post=14013"},{"taxonomy":"post_tag","embeddable":true,"href":"https:\/\/diariorepublica.com.ar\/web\/index.php\/wp-json\/wp\/v2\/tags?post=14013"}],"curies":[{"name":"wp","href":"https:\/\/api.w.org\/{rel}","templated":true}]}}