{"id":14061,"date":"2024-04-29T00:05:00","date_gmt":"2024-04-29T03:05:00","guid":{"rendered":"https:\/\/diariorepublica.com.ar\/web\/?p=14061"},"modified":"2024-04-29T07:06:46","modified_gmt":"2024-04-29T10:06:46","slug":"ypf-litio-avanza-con-los-trabajos-de-exploracion-en-el-norte-de-fiambala","status":"publish","type":"post","link":"https:\/\/diariorepublica.com.ar\/web\/index.php\/sociedad\/2024\/04\/29\/ypf-litio-avanza-con-los-trabajos-de-exploracion-en-el-norte-de-fiambala\/","title":{"rendered":"YPF Litio avanza con los trabajos de exploraci\u00f3n en el norte de Fiambal\u00e1"},"content":{"rendered":"<p>Representantes del \u00e1rea Litio de la empresa YPF, visitaron Casa de Gobierno\u00a0<span dir=\"ltr\">este jueves<\/span>para reunirse con el gobernador Ra\u00fal Jalil y el vicegobernador Rub\u00e9n Dusso y brindar detalles sobre el avance de los trabajos de exploraci\u00f3n minera que se encuentran realizando en el norte de Fiambal\u00e1.<\/p>\n<p>Desde la empresa nacional ratificaron su compromiso de avanzar con los objetivos planteados en este proyecto que genera amplias expectativas para el sector minero a nivel local y del pa\u00eds.<\/p>\n<p>En la oportunidad, el mandatario provincial (que estuvo acompa\u00f1ado por la presidenta de CAMYEN, Susana Peralta, y vicepresidenta, Natalia Dusso) recibi\u00f3 un amplio informe por parte del gerente de negocios de litio de la empresa YPF, Hern\u00e1n Zabala, quien ratific\u00f3 el compromiso empresarial de continuar desarrollando este proyecto, que responde a una asociaci\u00f3n acordada entre YPF y Catamarca Minera y Energ\u00e9tica y abarca la totalidad de las tareas determinadas en las etapas que comprenden desde la evaluaci\u00f3n del recurso hasta la exploraci\u00f3n propiamente dicha.<\/p>\n<p>Tras calificar como positivo al di\u00e1logo con el Gobernador,\u00a0<strong>Zabala\u00a0<\/strong>explic\u00f3 que \u201cen funci\u00f3n del pedido de las autoridades provinciales, vinimos a explicar c\u00f3mo estamos trabajando junto a la empresa CAMYEN en la zona de Fiambal\u00e1 norte y ratificar la motivaci\u00f3n de la empresa para seguir avanzando juntos y poder desarrollar el proyecto tal como nos hab\u00edamos comprometido, siempre priorizando, en todas las actividades que desarrollamos, todo lo vinculado con la seguridad de las personas y del medio ambiente\u201d.<\/p>\n<p>La titular de CAMYEN,\u00a0<strong>Susana Peralta<\/strong>, explic\u00f3 que la empresa ratific\u00f3 su decisi\u00f3n de continuar con los trabajos de exploraci\u00f3n, adem\u00e1s de comentar que se tiene previsto avanzar en un trabajo conjunto entre el \u00e1rea de responsabilidad social y empresarial de la firma YPF con la intendencia de la jurisdicci\u00f3n de Fiambal\u00e1. \u201cEstamos muy conformes con la forma en que avanzan las tareas\u201d, asegur\u00f3 la funcionaria.<\/p>\n<p><strong>Caracter\u00edsticas del proyecto<\/strong><\/p>\n<p>Espec\u00edficamente, la YPF inici\u00f3 meses atr\u00e1s el proceso de exploraci\u00f3n de litio en una superficie de veinte mil hect\u00e1reas ubicada en el norte de Fiambal\u00e1, constituy\u00e9ndose en el primer proyecto de este tipo encabezado por una empresa nacional y que es el resultado de una asociaci\u00f3n acordada entre esa empresa y Catamarca Minera y Energ\u00e9tica (CAMYEN S.E.).<\/p>\n<p>En la etapa de exploraci\u00f3n se est\u00e1 buscando identificar el potencial y el contenido de litio con pozos someros para determinar las zonas con potencial en salmuera enriquecida de litio. Posteriormente se desarrollar\u00e1 un plan de ejecuci\u00f3n de pozos de mayor profundidad, si fuera el caso y la construcci\u00f3n de piletas\/plantas piloto, entre otras estructuras de acopio y procesamiento.<\/p>\n","protected":false},"excerpt":{"rendered":"<p>Representantes del \u00e1rea Litio de la empresa YPF, visitaron Casa de Gobierno\u00a0este juevespara reunirse con el gobernador Ra\u00fal Jalil y<\/p>\n","protected":false},"author":1,"featured_media":14062,"comment_status":"closed","ping_status":"closed","sticky":false,"template":"","format":"standard","meta":{"footnotes":"","jetpack_publicize_message":"","jetpack_publicize_feature_enabled":true,"jetpack_social_post_already_shared":true,"jetpack_social_options":{"image_generator_settings":{"template":"highway","enabled":false},"version":2}},"categories":[3],"tags":[],"class_list":["post-14061","post","type-post","status-publish","format-standard","has-post-thumbnail","hentry","category-sociedad"],"jetpack_publicize_connections":[],"_links":{"self":[{"href":"https:\/\/diariorepublica.com.ar\/web\/index.php\/wp-json\/wp\/v2\/posts\/14061"}],"collection":[{"href":"https:\/\/diariorepublica.com.ar\/web\/index.php\/wp-json\/wp\/v2\/posts"}],"about":[{"href":"https:\/\/diariorepublica.com.ar\/web\/index.php\/wp-json\/wp\/v2\/types\/post"}],"author":[{"embeddable":true,"href":"https:\/\/diariorepublica.com.ar\/web\/index.php\/wp-json\/wp\/v2\/users\/1"}],"replies":[{"embeddable":true,"href":"https:\/\/diariorepublica.com.ar\/web\/index.php\/wp-json\/wp\/v2\/comments?post=14061"}],"version-history":[{"count":1,"href":"https:\/\/diariorepublica.com.ar\/web\/index.php\/wp-json\/wp\/v2\/posts\/14061\/revisions"}],"predecessor-version":[{"id":14063,"href":"https:\/\/diariorepublica.com.ar\/web\/index.php\/wp-json\/wp\/v2\/posts\/14061\/revisions\/14063"}],"wp:featuredmedia":[{"embeddable":true,"href":"https:\/\/diariorepublica.com.ar\/web\/index.php\/wp-json\/wp\/v2\/media\/14062"}],"wp:attachment":[{"href":"https:\/\/diariorepublica.com.ar\/web\/index.php\/wp-json\/wp\/v2\/media?parent=14061"}],"wp:term":[{"taxonomy":"category","embeddable":true,"href":"https:\/\/diariorepublica.com.ar\/web\/index.php\/wp-json\/wp\/v2\/categories?post=14061"},{"taxonomy":"post_tag","embeddable":true,"href":"https:\/\/diariorepublica.com.ar\/web\/index.php\/wp-json\/wp\/v2\/tags?post=14061"}],"curies":[{"name":"wp","href":"https:\/\/api.w.org\/{rel}","templated":true}]}}