{"id":14137,"date":"2024-04-30T10:12:00","date_gmt":"2024-04-30T13:12:00","guid":{"rendered":"https:\/\/diariorepublica.com.ar\/web\/?p=14137"},"modified":"2024-04-30T12:15:06","modified_gmt":"2024-04-30T15:15:06","slug":"javier-milei-celebro-la-aprobacion-en-general-de-la-ley-bases","status":"publish","type":"post","link":"https:\/\/diariorepublica.com.ar\/web\/index.php\/politica\/2024\/04\/30\/javier-milei-celebro-la-aprobacion-en-general-de-la-ley-bases\/","title":{"rendered":"Javier Milei celebr\u00f3 la aprobaci\u00f3n en general de la ley Bases"},"content":{"rendered":"<p>El presidente Javier Milei se mostr\u00f3 muy activo en redes sociales dando like y compartiendo mensajes de diputados del PRO como Fernando Iglesias y Hern\u00e1n Lombardi, quienes desde sus cuentas de X, ex Twitter celebraron la aprobaci\u00f3n en general de la ley Bases.<\/p>\n<p>El mandatario tom\u00f3 la definici\u00f3n de suspender la habitual reuni\u00f3n de Gabinete, que se realiza los martes y jueves en Casa Rosada, para seguir de lleno a seguir lo que queda del debate y la votaci\u00f3n de la Ley Bases en el Congreso.<\/p>\n<p>Se trata de una jornada clave para la administraci\u00f3n libertaria que busca conquistar la media sanci\u00f3n en la C\u00e1mara de Diputados del nuevo proyecto de ley. Para eso, monitore\u00f3 la votaci\u00f3n general que se aprob\u00f3 por 142 votos a favor, 106 en contra y 5 abstenciones, y el debate por cada art\u00edculo del mismo.<\/p>\n<article class=\"article-body article-body--fourth-paragraph content-protected-false\"><strong>Si bien tiene previsto trasladarse a Casa Rosada durante el transcurso del d\u00eda<\/strong>, el mandatario opt\u00f3 por suspender el intercambio entre ministros y secretarios para que sus funcionarios puedan dedicarse a asegurar los respaldos negociados en la previa y evitar desenlaces como el del martes 6 de febrero, cuando el Gobierno tuvo que retirar la ley por primera vez por falta de apoyos.<\/p>\n<\/article>\n<article class=\"article-body article-body--remaining-paragraph content-protected-false\">Por estas horas, se encuentra en el recinto el vicejefe de Gabinete,\u00a0<strong>Jos\u00e9 Rolandi,<\/strong>\u00a0ubicado en uno de los palcos desde donde escuch\u00f3 atentamente el cierre y presenci\u00f3 la aprobaci\u00f3n general<strong>.<\/strong><\/p>\n<p>ambito.com<\/p>\n<\/article>\n","protected":false},"excerpt":{"rendered":"<p>El presidente Javier Milei se mostr\u00f3 muy activo en redes sociales dando like y compartiendo mensajes de diputados del PRO<\/p>\n","protected":false},"author":1,"featured_media":14138,"comment_status":"closed","ping_status":"closed","sticky":false,"template":"","format":"standard","meta":{"footnotes":"","jetpack_publicize_message":"","jetpack_publicize_feature_enabled":true,"jetpack_social_post_already_shared":true,"jetpack_social_options":{"image_generator_settings":{"template":"highway","enabled":false},"version":2}},"categories":[12],"tags":[],"class_list":["post-14137","post","type-post","status-publish","format-standard","has-post-thumbnail","hentry","category-politica"],"jetpack_publicize_connections":[],"_links":{"self":[{"href":"https:\/\/diariorepublica.com.ar\/web\/index.php\/wp-json\/wp\/v2\/posts\/14137"}],"collection":[{"href":"https:\/\/diariorepublica.com.ar\/web\/index.php\/wp-json\/wp\/v2\/posts"}],"about":[{"href":"https:\/\/diariorepublica.com.ar\/web\/index.php\/wp-json\/wp\/v2\/types\/post"}],"author":[{"embeddable":true,"href":"https:\/\/diariorepublica.com.ar\/web\/index.php\/wp-json\/wp\/v2\/users\/1"}],"replies":[{"embeddable":true,"href":"https:\/\/diariorepublica.com.ar\/web\/index.php\/wp-json\/wp\/v2\/comments?post=14137"}],"version-history":[{"count":1,"href":"https:\/\/diariorepublica.com.ar\/web\/index.php\/wp-json\/wp\/v2\/posts\/14137\/revisions"}],"predecessor-version":[{"id":14139,"href":"https:\/\/diariorepublica.com.ar\/web\/index.php\/wp-json\/wp\/v2\/posts\/14137\/revisions\/14139"}],"wp:featuredmedia":[{"embeddable":true,"href":"https:\/\/diariorepublica.com.ar\/web\/index.php\/wp-json\/wp\/v2\/media\/14138"}],"wp:attachment":[{"href":"https:\/\/diariorepublica.com.ar\/web\/index.php\/wp-json\/wp\/v2\/media?parent=14137"}],"wp:term":[{"taxonomy":"category","embeddable":true,"href":"https:\/\/diariorepublica.com.ar\/web\/index.php\/wp-json\/wp\/v2\/categories?post=14137"},{"taxonomy":"post_tag","embeddable":true,"href":"https:\/\/diariorepublica.com.ar\/web\/index.php\/wp-json\/wp\/v2\/tags?post=14137"}],"curies":[{"name":"wp","href":"https:\/\/api.w.org\/{rel}","templated":true}]}}