{"id":14164,"date":"2024-05-02T09:45:00","date_gmt":"2024-05-02T12:45:00","guid":{"rendered":"https:\/\/diariorepublica.com.ar\/web\/?p=14164"},"modified":"2024-05-02T07:47:41","modified_gmt":"2024-05-02T10:47:41","slug":"santiago-del-moro-anuncio-que-ingresara-a-la-casa-de-gran-hermano","status":"publish","type":"post","link":"https:\/\/diariorepublica.com.ar\/web\/index.php\/espectaculos\/2024\/05\/02\/santiago-del-moro-anuncio-que-ingresara-a-la-casa-de-gran-hermano\/","title":{"rendered":"Santiago del Moro anunci\u00f3 que ingresar\u00e1 a la casa de Gran Hermano"},"content":{"rendered":"<p>Las semanas pasan en la actual edici\u00f3n de Gran Hermano y los participantes del reality pueden percibir nuevos beneficios, m\u00e1s all\u00e1 de lo que ocurre dentro de la casa m\u00e1s famosa del pa\u00eds. Por esto mismo, Santiago del Moro realiz\u00f3 un importante anuncio durante la gala de este mi\u00e9rcoles.<\/p>\n<p>Si bien el plato principal de la jornada fueron las nominaciones de los jugadores, el conductor revel\u00f3 que har\u00e1 un ingreso a la casa, algo que resultar\u00e1 una sorpresa para los integrantes de la competencia, que se encuentran enfocados en sus estrategias para permanecer en el juego.<\/p>\n<p>Seg\u00fan lo que explic\u00f3 Santiago del Moro, este jueves ingresar\u00e1 al domicilio y llevar\u00e1 una buena noticia para los participantes, ya que se anunciar\u00e1 la prueba por un auto 0km. Adem\u00e1s, compartir\u00e1 una cena con ellos en el SUM y les llevar\u00e1 a cada uno de los jugadores una foto de sus familiares.<\/p>\n<p>Tal como mencion\u00f3, la noticia acerca de la prueba especial por un veh\u00edculo ser\u00e1 en la parte final de su visita. Adem\u00e1s, adelant\u00f3 que se trata de un desaf\u00edo que pondr\u00e1 a prueba la astucia y la estrategia de los participantes de Gran Hermano, como ocurri\u00f3 con otras misiones especiales.<\/p>\n<p>Cabe recordar que ya se han puesto en juego una casa y una moto, con un triunfo de Mart\u00edn Ku y otro de Manzana, respectivamente. Cuando se trata de estos desaf\u00edos, suele haber un formato distinto, con mucha mayor duraci\u00f3n que las pruebas semanales, adem\u00e1s de que no se elige a un l\u00edder semanal.<\/p>\n<p><strong>Nominados en Gran Hermano<\/strong><br \/>\nEste mi\u00e9rcoles se desarroll\u00f3 la gala de nominaciones en el programa que conduce Santiago del Moro. Tras la fulminante a Dar\u00edo, restaba conocer qui\u00e9nes ser\u00edan los que lo acompa\u00f1aban en la lista de jugadores con riesgo a marcharse de la competencia el pr\u00f3ximo domingo.<\/p>\n<p>Finalmente, tras los votos de la casa, los nominados son: Dar\u00edo, Nicol\u00e1s, Federico Manzana, Mart\u00edn, Florencia y Mauro.<\/p>\n","protected":false},"excerpt":{"rendered":"<p>Las semanas pasan en la actual edici\u00f3n de Gran Hermano y los participantes del reality pueden percibir nuevos beneficios, m\u00e1s<\/p>\n","protected":false},"author":1,"featured_media":14165,"comment_status":"closed","ping_status":"closed","sticky":false,"template":"","format":"standard","meta":{"footnotes":"","jetpack_publicize_message":"","jetpack_publicize_feature_enabled":true,"jetpack_social_post_already_shared":true,"jetpack_social_options":{"image_generator_settings":{"template":"highway","enabled":false},"version":2}},"categories":[7],"tags":[],"class_list":["post-14164","post","type-post","status-publish","format-standard","has-post-thumbnail","hentry","category-espectaculos"],"jetpack_publicize_connections":[],"_links":{"self":[{"href":"https:\/\/diariorepublica.com.ar\/web\/index.php\/wp-json\/wp\/v2\/posts\/14164"}],"collection":[{"href":"https:\/\/diariorepublica.com.ar\/web\/index.php\/wp-json\/wp\/v2\/posts"}],"about":[{"href":"https:\/\/diariorepublica.com.ar\/web\/index.php\/wp-json\/wp\/v2\/types\/post"}],"author":[{"embeddable":true,"href":"https:\/\/diariorepublica.com.ar\/web\/index.php\/wp-json\/wp\/v2\/users\/1"}],"replies":[{"embeddable":true,"href":"https:\/\/diariorepublica.com.ar\/web\/index.php\/wp-json\/wp\/v2\/comments?post=14164"}],"version-history":[{"count":1,"href":"https:\/\/diariorepublica.com.ar\/web\/index.php\/wp-json\/wp\/v2\/posts\/14164\/revisions"}],"predecessor-version":[{"id":14166,"href":"https:\/\/diariorepublica.com.ar\/web\/index.php\/wp-json\/wp\/v2\/posts\/14164\/revisions\/14166"}],"wp:featuredmedia":[{"embeddable":true,"href":"https:\/\/diariorepublica.com.ar\/web\/index.php\/wp-json\/wp\/v2\/media\/14165"}],"wp:attachment":[{"href":"https:\/\/diariorepublica.com.ar\/web\/index.php\/wp-json\/wp\/v2\/media?parent=14164"}],"wp:term":[{"taxonomy":"category","embeddable":true,"href":"https:\/\/diariorepublica.com.ar\/web\/index.php\/wp-json\/wp\/v2\/categories?post=14164"},{"taxonomy":"post_tag","embeddable":true,"href":"https:\/\/diariorepublica.com.ar\/web\/index.php\/wp-json\/wp\/v2\/tags?post=14164"}],"curies":[{"name":"wp","href":"https:\/\/api.w.org\/{rel}","templated":true}]}}