{"id":14181,"date":"2024-05-02T09:41:28","date_gmt":"2024-05-02T12:41:28","guid":{"rendered":"https:\/\/diariorepublica.com.ar\/web\/?p=14181"},"modified":"2024-05-02T09:41:30","modified_gmt":"2024-05-02T12:41:30","slug":"los-motivos-de-la-cercana-salida-de-dario-benedetto-de-boca","status":"publish","type":"post","link":"https:\/\/diariorepublica.com.ar\/web\/index.php\/deportes\/2024\/05\/02\/los-motivos-de-la-cercana-salida-de-dario-benedetto-de-boca\/","title":{"rendered":"Los motivos de la cercana salida de Dar\u00edo Benedetto de Boca"},"content":{"rendered":"<p><b>Boca <\/b>viene de recibir dos duros golpes, primero con la\u00a0<b>derrota por 4-2 ante Fortaleza por Copa Sudamericana<\/b>\u00a0y luego con la eliminaci\u00f3n en la\u00a0<b>semifinal de la Copa de la Liga Profesional por penales y en manos de Estudiantes<\/b>.\u00a0<b>Dar\u00edo Benedetto\u00a0<\/b>vivi\u00f3 ambos partidos desde el banco de suplentes y, por la falta de minutos,\u00a0<b>ya tendr\u00eda tomada la decisi\u00f3n de emigrar del Xeneize.<\/b><\/p>\n<p>El contrato del Pipa<b>\u00a0vence en diciembre de este a\u00f1o pero espera por un buen gesto del Club de la Ribera para poder finalizar el v\u00ednculo durante el pr\u00f3ximo mercado de pases<\/b>\u00a0y as\u00ed conseguir un nuevo club. El delantero, que la rompi\u00f3 durante su primer ciclo, no pudo volver a ese nivel desde su regreso y dej\u00f3 de ser una pieza clave para el equipo. En lo que va del semestre<b>\u00a0apenas convirti\u00f3 un gol, contra Tigre<\/b>, en 13 partidos, la mayor\u00eda ingresando en el complemento.<\/p>\n<p>Con el gran momento de\u00a0<b>Edinson Cavani y Miguel Merentiel<\/b>, Benedetto qued\u00f3 relegado incluso a un cuarto lugar en la consideraci\u00f3n de\u00a0<b>Diego Mart\u00ednez\u00a0<\/b>para el ataque, dado a que varias veces<b>\u00a0ha optado por el ingreso de Luca Langoni.\u00a0<\/b>De esta manera, a sus 33 a\u00f1os,\u00a0<b>busca jugar con mayor regularidad y pondr\u00e1 fin a su etapa en el club de sus amores.<\/b><\/p>\n<p>Ya desde mediados de 2023 que<b>\u00a0Dar\u00edo Benedetto<\/b>\u00a0analiza su futuro en\u00a0<b>Boca<\/b>. Cuando lleg\u00f3 diciembre,\u00a0<b>el Pipa opt\u00f3 por continuar pero ahora tom\u00f3 otra decisi\u00f3n y buscar\u00e1 una salida a mitad de a\u00f1o<\/b>. Si bien su destino est\u00e1 lejos de conocerse, en su momento dej\u00f3 en claro que en la Argentina solo vestir\u00e1 los colores del Xeneize.\u00a0<i><b>\u00abEn el \u00fanico club de Argentina en el que voy a jugar es en Boca, y si tengo que hacerlo en otro equipo, me retiro\u00bb,<\/b><\/i>\u00a0revel\u00f3 el centrodelantero, que surgi\u00f3 de\u00a0<b>Arsenal<\/b>, donde debut\u00f3 en Primera, pero\u00a0<b>siempre demostr\u00f3 su fanatismo por el Club de la Ribera<\/b>.<\/p>\n<p>tycsports.com<\/p>\n","protected":false},"excerpt":{"rendered":"<p>Boca viene de recibir dos duros golpes, primero con la\u00a0derrota por 4-2 ante Fortaleza por Copa Sudamericana\u00a0y luego con la<\/p>\n","protected":false},"author":1,"featured_media":14182,"comment_status":"closed","ping_status":"closed","sticky":false,"template":"","format":"standard","meta":{"footnotes":"","jetpack_publicize_message":"","jetpack_publicize_feature_enabled":true,"jetpack_social_post_already_shared":true,"jetpack_social_options":{"image_generator_settings":{"template":"highway","enabled":false},"version":2}},"categories":[9],"tags":[],"class_list":["post-14181","post","type-post","status-publish","format-standard","has-post-thumbnail","hentry","category-deportes"],"jetpack_publicize_connections":[],"_links":{"self":[{"href":"https:\/\/diariorepublica.com.ar\/web\/index.php\/wp-json\/wp\/v2\/posts\/14181"}],"collection":[{"href":"https:\/\/diariorepublica.com.ar\/web\/index.php\/wp-json\/wp\/v2\/posts"}],"about":[{"href":"https:\/\/diariorepublica.com.ar\/web\/index.php\/wp-json\/wp\/v2\/types\/post"}],"author":[{"embeddable":true,"href":"https:\/\/diariorepublica.com.ar\/web\/index.php\/wp-json\/wp\/v2\/users\/1"}],"replies":[{"embeddable":true,"href":"https:\/\/diariorepublica.com.ar\/web\/index.php\/wp-json\/wp\/v2\/comments?post=14181"}],"version-history":[{"count":1,"href":"https:\/\/diariorepublica.com.ar\/web\/index.php\/wp-json\/wp\/v2\/posts\/14181\/revisions"}],"predecessor-version":[{"id":14183,"href":"https:\/\/diariorepublica.com.ar\/web\/index.php\/wp-json\/wp\/v2\/posts\/14181\/revisions\/14183"}],"wp:featuredmedia":[{"embeddable":true,"href":"https:\/\/diariorepublica.com.ar\/web\/index.php\/wp-json\/wp\/v2\/media\/14182"}],"wp:attachment":[{"href":"https:\/\/diariorepublica.com.ar\/web\/index.php\/wp-json\/wp\/v2\/media?parent=14181"}],"wp:term":[{"taxonomy":"category","embeddable":true,"href":"https:\/\/diariorepublica.com.ar\/web\/index.php\/wp-json\/wp\/v2\/categories?post=14181"},{"taxonomy":"post_tag","embeddable":true,"href":"https:\/\/diariorepublica.com.ar\/web\/index.php\/wp-json\/wp\/v2\/tags?post=14181"}],"curies":[{"name":"wp","href":"https:\/\/api.w.org\/{rel}","templated":true}]}}