{"id":14194,"date":"2024-05-02T17:13:45","date_gmt":"2024-05-02T20:13:45","guid":{"rendered":"https:\/\/diariorepublica.com.ar\/web\/?p=14194"},"modified":"2024-05-02T17:13:48","modified_gmt":"2024-05-02T20:13:48","slug":"julian-gutierrez-contara-con-equipamiento-y-rifle-de-ultima-generacion-para-los-juegos-olimpicos-paris-2024","status":"publish","type":"post","link":"https:\/\/diariorepublica.com.ar\/web\/index.php\/deportes\/2024\/05\/02\/julian-gutierrez-contara-con-equipamiento-y-rifle-de-ultima-generacion-para-los-juegos-olimpicos-paris-2024\/","title":{"rendered":"Juli\u00e1n Guti\u00e9rrez contar\u00e1 con equipamiento y rifle de \u00faltima generaci\u00f3n para los Juegos Ol\u00edmpicos Par\u00eds 2024"},"content":{"rendered":"<p>El Gobierno Provincial hizo efectivo el aporte para que el tirador pueda adquirir el nuevo equipamiento y rifle que utilizar\u00e1 en los juegos.<\/p>\n<p>Tras la hist\u00f3rica clasificaci\u00f3n a los Juegos Ol\u00edmpicos que tendr\u00e1n lugar en Par\u00eds del 26 de julio al 11 de agosto, el tirador catamarque\u00f1o Juli\u00e1n Guti\u00e9rrez avanza con la preparaci\u00f3n para la cita ecum\u00e9nica donde representar\u00e1 al pa\u00eds y a Catamarca.<\/p>\n<p>Este jueves, fue recibido por el gobernador Ra\u00fal Jalil en Casa de Gobierno, quien le confirm\u00f3 que desde la Secretar\u00eda de Gabinete de la provincia ya se hizo efectivo el aporte para poder adquirir la nueva vestimenta y rifle que utilizar\u00e1 en la competencia mundial.<\/p>\n<p>Guti\u00e9rrez agradeci\u00f3 al mandatario por el permanente apoyo a su carrera y sostuvo: \u201cle coment\u00e9 al Gobernador c\u00f3mo viene mi trabajo y planificaci\u00f3n de cara a los Juegos. Estoy muy agradecido por todo el apoyo brindado para renovar el equipamiento que me permitir\u00e1 estar a la altura de un Juego Ol\u00edmpico\u201d.<\/p>\n<p>\u201cSer\u00e1 un orgullo llevar la bandera de Catamarca a un Juego Ol\u00edmpico por primera vez. Ser\u00e1 algo hist\u00f3rico, que es fruto de un trabajo conjunto de muchos a\u00f1os\u201d, cerr\u00f3 Guti\u00e9rrez.<\/p>\n<p>Los pr\u00f3ximos dos meses ser\u00e1n de intensa preparaci\u00f3n para el tirador catamarque\u00f1o. Del 17 al 19 de mayo tiene previsto competir en La Rioja. Luego, viajar\u00e1 a Buenos Aires donde permanecer\u00e1 entrenando hasta el 28 de mayo. En esta fecha, junto al equipo nacional de Tiro Deportivo, partir\u00e1 a Alemania para participar en la Copa del Mundo en los primeros d\u00edas de junio.<\/p>\n<p>Posterior a su participaci\u00f3n en la Copa del Mundo, Juli\u00e1n regresar\u00e1 unos d\u00edas a Catamarca y el 1 de julio viajar\u00e1 nuevamente a Alemania con el seleccionado nacional para quedar concentrado de cara a los Juegos Ol\u00edmpicos y, finalmente, el 21 de julio partir a Francia para instalarse y esperar la fecha de competencia.<\/p>\n<p>Durante el encuentro en Casa de Gobierno tambi\u00e9n estuvieron presentes el secretario de Deporte, Guillermo Perna, y el ex tirador argentino, Rodolfo Tarraubelia, quien fue Olimpia de Plata en dos ocasiones y parte del seleccionado argentino de Tiro Deportivo. Terraubelia obsequi\u00f3 a Juli\u00e1n un par de im\u00e1genes de su paso por el seleccionado de tiro y comprometi\u00f3 un aporte econ\u00f3mico para el tirador catamarque\u00f1o a trav\u00e9s de la Fundaci\u00f3n EcoConciencia.<\/p>\n","protected":false},"excerpt":{"rendered":"<p>El Gobierno Provincial hizo efectivo el aporte para que el tirador pueda adquirir el nuevo equipamiento y rifle que utilizar\u00e1<\/p>\n","protected":false},"author":1,"featured_media":14195,"comment_status":"closed","ping_status":"closed","sticky":false,"template":"","format":"standard","meta":{"footnotes":"","jetpack_publicize_message":"","jetpack_publicize_feature_enabled":true,"jetpack_social_post_already_shared":true,"jetpack_social_options":{"image_generator_settings":{"template":"highway","enabled":false},"version":2}},"categories":[9],"tags":[],"class_list":["post-14194","post","type-post","status-publish","format-standard","has-post-thumbnail","hentry","category-deportes"],"jetpack_publicize_connections":[],"_links":{"self":[{"href":"https:\/\/diariorepublica.com.ar\/web\/index.php\/wp-json\/wp\/v2\/posts\/14194"}],"collection":[{"href":"https:\/\/diariorepublica.com.ar\/web\/index.php\/wp-json\/wp\/v2\/posts"}],"about":[{"href":"https:\/\/diariorepublica.com.ar\/web\/index.php\/wp-json\/wp\/v2\/types\/post"}],"author":[{"embeddable":true,"href":"https:\/\/diariorepublica.com.ar\/web\/index.php\/wp-json\/wp\/v2\/users\/1"}],"replies":[{"embeddable":true,"href":"https:\/\/diariorepublica.com.ar\/web\/index.php\/wp-json\/wp\/v2\/comments?post=14194"}],"version-history":[{"count":1,"href":"https:\/\/diariorepublica.com.ar\/web\/index.php\/wp-json\/wp\/v2\/posts\/14194\/revisions"}],"predecessor-version":[{"id":14196,"href":"https:\/\/diariorepublica.com.ar\/web\/index.php\/wp-json\/wp\/v2\/posts\/14194\/revisions\/14196"}],"wp:featuredmedia":[{"embeddable":true,"href":"https:\/\/diariorepublica.com.ar\/web\/index.php\/wp-json\/wp\/v2\/media\/14195"}],"wp:attachment":[{"href":"https:\/\/diariorepublica.com.ar\/web\/index.php\/wp-json\/wp\/v2\/media?parent=14194"}],"wp:term":[{"taxonomy":"category","embeddable":true,"href":"https:\/\/diariorepublica.com.ar\/web\/index.php\/wp-json\/wp\/v2\/categories?post=14194"},{"taxonomy":"post_tag","embeddable":true,"href":"https:\/\/diariorepublica.com.ar\/web\/index.php\/wp-json\/wp\/v2\/tags?post=14194"}],"curies":[{"name":"wp","href":"https:\/\/api.w.org\/{rel}","templated":true}]}}