{"id":14203,"date":"2024-05-03T07:14:28","date_gmt":"2024-05-03T10:14:28","guid":{"rendered":"https:\/\/diariorepublica.com.ar\/web\/?p=14203"},"modified":"2024-05-03T07:14:30","modified_gmt":"2024-05-03T10:14:30","slug":"indonesia-muestra-interes-en-el-litio-catamarqueno-y-el-desarrollo-de-proyectos-mineros-en-la-provincia","status":"publish","type":"post","link":"https:\/\/diariorepublica.com.ar\/web\/index.php\/sociedad\/2024\/05\/03\/indonesia-muestra-interes-en-el-litio-catamarqueno-y-el-desarrollo-de-proyectos-mineros-en-la-provincia\/","title":{"rendered":"Indonesia muestra inter\u00e9s en el litio catamarque\u00f1o y el desarrollo de proyectos mineros en la provincia"},"content":{"rendered":"<p>El gobernador Ra\u00fal Jalil recibi\u00f3 al Embajador de Indonesia en Argentina, Sulaiman Syarif, para dialogar sobre diferentes posibilidades de inversi\u00f3n del pa\u00eds asi\u00e1tico en Catamarca, entre ellas en el sector minero.<\/p>\n<p>Durante el encuentro, el diplom\u00e1tico expres\u00f3 el inter\u00e9s de su pa\u00eds en adquirir litio catamarque\u00f1o y asociarse con empresas locales para invertir en proyectos mineros que se desarrollan en nuestro territorio.<\/p>\n<p>La delegaci\u00f3n de Indonesia tiene previsto visitar proyectos mineros en el Oeste provincial, con el objetivo de conocer in situ las operaciones y el desarrollo de las empresas mineras establecidas en la provincia.<\/p>\n<p>Adem\u00e1s del inter\u00e9s en el desarrollo l\u00edtifero, las conversaciones tambi\u00e9n abordaron el potencial de desarrollo de proyectos de energ\u00eda geot\u00e9rmica en Catamarca, esto aprovechando que Indonesia es el segundo productor mundial de este tipo de energ\u00eda.<\/p>\n<p>La reuni\u00f3n cont\u00f3 con la presencia del vicegobernador Rub\u00e9n Dusso, as\u00ed como de la presidenta y vicepresidenta de Camyen S.E, Susana Peralta y Natalia Dusso respectivamente, junto a otras autoridades provinciales.<\/p>\n<p>Cabe recordar que, en marzo pasado, el gobernador Ra\u00fal Jalil y el vicegobernador Rub\u00e9n Dusso hab\u00edan visitado la Embajada de Indonesia en la ciudad de Buenos Aires donde se reunieron con el embajador Syarif y dialogaron sobre las oportunidades de colaboraci\u00f3n entre Indonesia y Catamarca, centr\u00e1ndose en la inversi\u00f3n minera y la cooperaci\u00f3n comercial y sociocultural.<\/p>\n","protected":false},"excerpt":{"rendered":"<p>El gobernador Ra\u00fal Jalil recibi\u00f3 al Embajador de Indonesia en Argentina, Sulaiman Syarif, para dialogar sobre diferentes posibilidades de inversi\u00f3n<\/p>\n","protected":false},"author":1,"featured_media":14204,"comment_status":"closed","ping_status":"closed","sticky":false,"template":"","format":"standard","meta":{"footnotes":"","jetpack_publicize_message":"","jetpack_publicize_feature_enabled":true,"jetpack_social_post_already_shared":true,"jetpack_social_options":{"image_generator_settings":{"template":"highway","enabled":false},"version":2}},"categories":[3],"tags":[],"class_list":["post-14203","post","type-post","status-publish","format-standard","has-post-thumbnail","hentry","category-sociedad"],"jetpack_publicize_connections":[],"_links":{"self":[{"href":"https:\/\/diariorepublica.com.ar\/web\/index.php\/wp-json\/wp\/v2\/posts\/14203"}],"collection":[{"href":"https:\/\/diariorepublica.com.ar\/web\/index.php\/wp-json\/wp\/v2\/posts"}],"about":[{"href":"https:\/\/diariorepublica.com.ar\/web\/index.php\/wp-json\/wp\/v2\/types\/post"}],"author":[{"embeddable":true,"href":"https:\/\/diariorepublica.com.ar\/web\/index.php\/wp-json\/wp\/v2\/users\/1"}],"replies":[{"embeddable":true,"href":"https:\/\/diariorepublica.com.ar\/web\/index.php\/wp-json\/wp\/v2\/comments?post=14203"}],"version-history":[{"count":1,"href":"https:\/\/diariorepublica.com.ar\/web\/index.php\/wp-json\/wp\/v2\/posts\/14203\/revisions"}],"predecessor-version":[{"id":14205,"href":"https:\/\/diariorepublica.com.ar\/web\/index.php\/wp-json\/wp\/v2\/posts\/14203\/revisions\/14205"}],"wp:featuredmedia":[{"embeddable":true,"href":"https:\/\/diariorepublica.com.ar\/web\/index.php\/wp-json\/wp\/v2\/media\/14204"}],"wp:attachment":[{"href":"https:\/\/diariorepublica.com.ar\/web\/index.php\/wp-json\/wp\/v2\/media?parent=14203"}],"wp:term":[{"taxonomy":"category","embeddable":true,"href":"https:\/\/diariorepublica.com.ar\/web\/index.php\/wp-json\/wp\/v2\/categories?post=14203"},{"taxonomy":"post_tag","embeddable":true,"href":"https:\/\/diariorepublica.com.ar\/web\/index.php\/wp-json\/wp\/v2\/tags?post=14203"}],"curies":[{"name":"wp","href":"https:\/\/api.w.org\/{rel}","templated":true}]}}