{"id":14212,"date":"2024-05-03T07:28:55","date_gmt":"2024-05-03T10:28:55","guid":{"rendered":"https:\/\/diariorepublica.com.ar\/web\/?p=14212"},"modified":"2024-05-03T07:28:57","modified_gmt":"2024-05-03T10:28:57","slug":"el-gobierno-denuncio-una-malversacion-de-mas-de-340-millones-de-dolares-en-las-becas-progresar","status":"publish","type":"post","link":"https:\/\/diariorepublica.com.ar\/web\/index.php\/nacionales\/2024\/05\/03\/el-gobierno-denuncio-una-malversacion-de-mas-de-340-millones-de-dolares-en-las-becas-progresar\/","title":{"rendered":"El Gobierno denunci\u00f3 una malversaci\u00f3n de m\u00e1s de 340 millones de d\u00f3lares en las Becas Progresar"},"content":{"rendered":"<p>El Ministerio de Capital Humano realiz\u00f3 una denuncia ante la Justicia por presunta malversaci\u00f3n de 341 millones de d\u00f3lares en la entrega de las Becas Progresar.<\/p>\n<p>La cartea a cargo de Sandra Pettovello consider\u00f3 que hubieron irregularidades en el programa que otorg\u00f3 el gobierno del expresidente Alberto Fern\u00e1ndez.<\/p>\n<p>Las Becas Progresar consistieron en recursos que se otorgaban a estudiantes en base a fondo objetivos de cr\u00e9ditos internacionales, desde noviembre de 2019.<\/p>\n<p>Seg\u00fan la denuncia judicial, no se conoce el destino de esos recursos, que debieron ser dirigidos a estudiantes de los sectores m\u00e1s humildes.<\/p>\n<p>Las autoridades del Ministerio se\u00f1alaron que no hay registro de \u00abcontrol en los dineros estatales\u00bb, ya que no se encontr\u00f3 material para \u00abpoder controlar o inspeccionar debidamente qu\u00e9 cantidad de becas que se otorgaron, o si las personas beneficiarias de las mismas fueron correctamente seleccionadas a tal efecto; o bien, si aquellas ten\u00edan alg\u00fan tipo de incompatibilidad que tornara ilegal dicho otorgamiento\u201d.<\/p>\n<p>Las Becas Progresar se crearon para impulsar a estudiantes a que finalizaran sus estudios primarios o secundarios, que continuaran en la educaci\u00f3n superior o se formaran profesionalmente.<\/p>\n<p>Fuente: NA.<\/p>\n","protected":false},"excerpt":{"rendered":"<p>El Ministerio de Capital Humano realiz\u00f3 una denuncia ante la Justicia por presunta malversaci\u00f3n de 341 millones de d\u00f3lares en<\/p>\n","protected":false},"author":1,"featured_media":14213,"comment_status":"closed","ping_status":"closed","sticky":false,"template":"","format":"standard","meta":{"footnotes":"","jetpack_publicize_message":"","jetpack_publicize_feature_enabled":true,"jetpack_social_post_already_shared":true,"jetpack_social_options":{"image_generator_settings":{"template":"highway","enabled":false},"version":2}},"categories":[4],"tags":[],"class_list":["post-14212","post","type-post","status-publish","format-standard","has-post-thumbnail","hentry","category-nacionales"],"jetpack_publicize_connections":[],"_links":{"self":[{"href":"https:\/\/diariorepublica.com.ar\/web\/index.php\/wp-json\/wp\/v2\/posts\/14212"}],"collection":[{"href":"https:\/\/diariorepublica.com.ar\/web\/index.php\/wp-json\/wp\/v2\/posts"}],"about":[{"href":"https:\/\/diariorepublica.com.ar\/web\/index.php\/wp-json\/wp\/v2\/types\/post"}],"author":[{"embeddable":true,"href":"https:\/\/diariorepublica.com.ar\/web\/index.php\/wp-json\/wp\/v2\/users\/1"}],"replies":[{"embeddable":true,"href":"https:\/\/diariorepublica.com.ar\/web\/index.php\/wp-json\/wp\/v2\/comments?post=14212"}],"version-history":[{"count":1,"href":"https:\/\/diariorepublica.com.ar\/web\/index.php\/wp-json\/wp\/v2\/posts\/14212\/revisions"}],"predecessor-version":[{"id":14214,"href":"https:\/\/diariorepublica.com.ar\/web\/index.php\/wp-json\/wp\/v2\/posts\/14212\/revisions\/14214"}],"wp:featuredmedia":[{"embeddable":true,"href":"https:\/\/diariorepublica.com.ar\/web\/index.php\/wp-json\/wp\/v2\/media\/14213"}],"wp:attachment":[{"href":"https:\/\/diariorepublica.com.ar\/web\/index.php\/wp-json\/wp\/v2\/media?parent=14212"}],"wp:term":[{"taxonomy":"category","embeddable":true,"href":"https:\/\/diariorepublica.com.ar\/web\/index.php\/wp-json\/wp\/v2\/categories?post=14212"},{"taxonomy":"post_tag","embeddable":true,"href":"https:\/\/diariorepublica.com.ar\/web\/index.php\/wp-json\/wp\/v2\/tags?post=14212"}],"curies":[{"name":"wp","href":"https:\/\/api.w.org\/{rel}","templated":true}]}}