{"id":14215,"date":"2024-05-03T01:29:00","date_gmt":"2024-05-03T04:29:00","guid":{"rendered":"https:\/\/diariorepublica.com.ar\/web\/?p=14215"},"modified":"2024-05-03T07:29:50","modified_gmt":"2024-05-03T10:29:50","slug":"altamirano-volvio-a-entrenarse-en-estudiantes-tras-superar-una-complicacion-de-salud","status":"publish","type":"post","link":"https:\/\/diariorepublica.com.ar\/web\/index.php\/deportes\/2024\/05\/03\/altamirano-volvio-a-entrenarse-en-estudiantes-tras-superar-una-complicacion-de-salud\/","title":{"rendered":"Altamirano volvi\u00f3 a entrenarse en Estudiantes tras superar una complicaci\u00f3n de salud"},"content":{"rendered":"<p><strong>Javier Altamirano<\/strong>, el talentoso mediocampista chileno, regres\u00f3 esta ma\u00f1ana a los entrenamientos con\u00a0<strong>Estudiantes de La Plata<\/strong>, y aunque realiz\u00f3 movimientos y ejercicios livianos, pudo reunirse con sus compa\u00f1eros en el country ubicado en City Bell.<\/p>\n<p>Con el alta m\u00e9dica en mano, el jugador retom\u00f3 sus labores f\u00edsicas, dando inicio a una nueva etapa en su carrera deportiva despu\u00e9s de episodio de convulsiones que tuvo en el suspendido partido frente a Boca en el estadio UNO.<\/p>\n<p>\u00ab\u00a1Hola, Javi querido!\u00bb, salud\u00f3 el club a trav\u00e9s de sus redes sociales.<strong>\u00a0\u00abEste jueves, Javier Altamirano retom\u00f3 la actividad f\u00edsica con tareas aer\u00f3bicas y de fuerza sin contacto. \u00a1Qu\u00e9 bueno verte en el club!\u00bb<\/strong>.<\/p>\n<p>Durante un encuentro frente a Boca, el jugador sufri\u00f3 una descompensaci\u00f3n debido a una trombosis en el cerebro. Este incidente lo llev\u00f3 a experimentar convulsiones durante el primer tiempo del partido, que finalmente fue suspendido.<\/p>\n<p>La trombosis afect\u00f3 el seno longitudinal, un vaso sangu\u00edneo vital que transporta sangre dentro del cr\u00e1neo. Los s\u00edntomas asociados, como dolores de cabeza intensos y convulsiones, pusieron en riesgo la salud del futbolista, desencadenando una r\u00e1pida intervenci\u00f3n m\u00e9dica tanto por parte de su equipo como del equipo rival.<\/p>\n<p>El incidente, que ocurri\u00f3 a los 27 minutos de juego, gener\u00f3 preocupaci\u00f3n tanto en el campo como en las tribunas. Sin embargo, el profesionalismo de los equipos m\u00e9dicos y el esfuerzo de Altamirano por recuperarse fueron fundamentales para su pronta recuperaci\u00f3n.<\/p>\n<p><strong>El regreso de Altamirano a los entrenamientos representa un momento de alegr\u00eda<\/strong>\u00a0y esperanza para Estudiantes y sus hinchas. La superaci\u00f3n de este desaf\u00edo de salud resalta la determinaci\u00f3n y el esp\u00edritu de lucha del jugador, quien ahora se prepara para volver a brillar en el terreno de juego.<\/p>\n<p>NA<\/p>\n","protected":false},"excerpt":{"rendered":"<p>Javier Altamirano, el talentoso mediocampista chileno, regres\u00f3 esta ma\u00f1ana a los entrenamientos con\u00a0Estudiantes de La Plata, y aunque realiz\u00f3 movimientos<\/p>\n","protected":false},"author":1,"featured_media":14216,"comment_status":"closed","ping_status":"closed","sticky":false,"template":"","format":"standard","meta":{"footnotes":"","jetpack_publicize_message":"","jetpack_publicize_feature_enabled":true,"jetpack_social_post_already_shared":true,"jetpack_social_options":{"image_generator_settings":{"template":"highway","enabled":false},"version":2}},"categories":[9],"tags":[],"class_list":["post-14215","post","type-post","status-publish","format-standard","has-post-thumbnail","hentry","category-deportes"],"jetpack_publicize_connections":[],"_links":{"self":[{"href":"https:\/\/diariorepublica.com.ar\/web\/index.php\/wp-json\/wp\/v2\/posts\/14215"}],"collection":[{"href":"https:\/\/diariorepublica.com.ar\/web\/index.php\/wp-json\/wp\/v2\/posts"}],"about":[{"href":"https:\/\/diariorepublica.com.ar\/web\/index.php\/wp-json\/wp\/v2\/types\/post"}],"author":[{"embeddable":true,"href":"https:\/\/diariorepublica.com.ar\/web\/index.php\/wp-json\/wp\/v2\/users\/1"}],"replies":[{"embeddable":true,"href":"https:\/\/diariorepublica.com.ar\/web\/index.php\/wp-json\/wp\/v2\/comments?post=14215"}],"version-history":[{"count":1,"href":"https:\/\/diariorepublica.com.ar\/web\/index.php\/wp-json\/wp\/v2\/posts\/14215\/revisions"}],"predecessor-version":[{"id":14217,"href":"https:\/\/diariorepublica.com.ar\/web\/index.php\/wp-json\/wp\/v2\/posts\/14215\/revisions\/14217"}],"wp:featuredmedia":[{"embeddable":true,"href":"https:\/\/diariorepublica.com.ar\/web\/index.php\/wp-json\/wp\/v2\/media\/14216"}],"wp:attachment":[{"href":"https:\/\/diariorepublica.com.ar\/web\/index.php\/wp-json\/wp\/v2\/media?parent=14215"}],"wp:term":[{"taxonomy":"category","embeddable":true,"href":"https:\/\/diariorepublica.com.ar\/web\/index.php\/wp-json\/wp\/v2\/categories?post=14215"},{"taxonomy":"post_tag","embeddable":true,"href":"https:\/\/diariorepublica.com.ar\/web\/index.php\/wp-json\/wp\/v2\/tags?post=14215"}],"curies":[{"name":"wp","href":"https:\/\/api.w.org\/{rel}","templated":true}]}}