{"id":14218,"date":"2024-05-03T07:30:56","date_gmt":"2024-05-03T10:30:56","guid":{"rendered":"https:\/\/diariorepublica.com.ar\/web\/?p=14218"},"modified":"2024-05-03T07:30:57","modified_gmt":"2024-05-03T10:30:57","slug":"causa-seguros-imputacion-formal-contra-alberto-fernandez-y-debera-nombrar-abogado","status":"publish","type":"post","link":"https:\/\/diariorepublica.com.ar\/web\/index.php\/nacionales\/2024\/05\/03\/causa-seguros-imputacion-formal-contra-alberto-fernandez-y-debera-nombrar-abogado\/","title":{"rendered":"Causa Seguros: imputaci\u00f3n formal contra Alberto Fern\u00e1ndez y deber\u00e1 nombrar abogado"},"content":{"rendered":"<p>El juez federal Juli\u00e1n Ercolini le notific\u00f3\u00a0el jueves al ex presidente\u00a0<strong>Alberto Fern\u00e1ndez que debe designar abogado defensor<\/strong>\u00a0para que lo asista en la causa por presuntas irregularidades en la contrataci\u00f3n de seguros para organismos p\u00fablicos a trav\u00e9s del Banco Naci\u00f3n.<\/p>\n<p>La notificaci\u00f3n es sin\u00f3nimo de imputaci\u00f3n formal contra el ex presidente, quien hasta ahora\u00a0<strong>nunca se hab\u00eda presentado en el expediente<\/strong>\u00a0pese a que estaba al tanto de la investigaci\u00f3n, a punto tal que habl\u00f3 sobre ella en un reportaje.<\/p>\n<p>En la causa se investigan los presuntos delitos de\u00a0<strong>abuso de autoridad, incumplimiento de los deberes y malversaci\u00f3n de caudales p\u00fablicos.<\/strong><\/p>\n<p>El juez Ercolini dispuso semanas atr\u00e1s la inhibici\u00f3n general de bienes del ex mandatario.<\/p>\n<p>El juez dispuso notificar de las decisiones del expediente que lo involucren y para garantizarle el derecho de defensa, debido proceso y control de la prueba,\u00a0<strong>lo exhort\u00f3 a que designe abogado defensor.<\/strong><\/p>\n<p>En otros expedientes penales, como el de la fiesta de cumplea\u00f1os de su esposa, Fabiola Y\u00e1\u00f1ez, en la Quinta de Olivos en plena pandemia, Alberto Fern\u00e1ndez fue asistido por\u00a0<strong>el abogado Marcelo Sgro.<\/strong><\/p>\n<p>El ex presidente firm\u00f3 sobre el final de su mandato un decreto que obligaba a los organismos p\u00fablicos a suscribir seguros de vida con el\u00a0<strong>Banco Naci\u00f3n a trav\u00e9s de su aseguradora, Naci\u00f3n Seguros.<\/strong><\/p>\n<p>Pese a tratarse de una relaci\u00f3n directa entre organismos del Estado, en la investigaci\u00f3n se determin\u00f3 que intervinieron \u201cbrokers\u201d privados a modo de intermediarios, quienes cobraron por ello comisiones que \u2013seg\u00fan la imputaci\u00f3n- estaban por encima de los valores de mercado.<\/p>\n","protected":false},"excerpt":{"rendered":"<p>El juez federal Juli\u00e1n Ercolini le notific\u00f3\u00a0el jueves al ex presidente\u00a0Alberto Fern\u00e1ndez que debe designar abogado defensor\u00a0para que lo asista<\/p>\n","protected":false},"author":1,"featured_media":14219,"comment_status":"closed","ping_status":"closed","sticky":false,"template":"","format":"standard","meta":{"footnotes":"","jetpack_publicize_message":"","jetpack_publicize_feature_enabled":true,"jetpack_social_post_already_shared":true,"jetpack_social_options":{"image_generator_settings":{"template":"highway","enabled":false},"version":2}},"categories":[4],"tags":[],"class_list":["post-14218","post","type-post","status-publish","format-standard","has-post-thumbnail","hentry","category-nacionales"],"jetpack_publicize_connections":[],"_links":{"self":[{"href":"https:\/\/diariorepublica.com.ar\/web\/index.php\/wp-json\/wp\/v2\/posts\/14218"}],"collection":[{"href":"https:\/\/diariorepublica.com.ar\/web\/index.php\/wp-json\/wp\/v2\/posts"}],"about":[{"href":"https:\/\/diariorepublica.com.ar\/web\/index.php\/wp-json\/wp\/v2\/types\/post"}],"author":[{"embeddable":true,"href":"https:\/\/diariorepublica.com.ar\/web\/index.php\/wp-json\/wp\/v2\/users\/1"}],"replies":[{"embeddable":true,"href":"https:\/\/diariorepublica.com.ar\/web\/index.php\/wp-json\/wp\/v2\/comments?post=14218"}],"version-history":[{"count":1,"href":"https:\/\/diariorepublica.com.ar\/web\/index.php\/wp-json\/wp\/v2\/posts\/14218\/revisions"}],"predecessor-version":[{"id":14220,"href":"https:\/\/diariorepublica.com.ar\/web\/index.php\/wp-json\/wp\/v2\/posts\/14218\/revisions\/14220"}],"wp:featuredmedia":[{"embeddable":true,"href":"https:\/\/diariorepublica.com.ar\/web\/index.php\/wp-json\/wp\/v2\/media\/14219"}],"wp:attachment":[{"href":"https:\/\/diariorepublica.com.ar\/web\/index.php\/wp-json\/wp\/v2\/media?parent=14218"}],"wp:term":[{"taxonomy":"category","embeddable":true,"href":"https:\/\/diariorepublica.com.ar\/web\/index.php\/wp-json\/wp\/v2\/categories?post=14218"},{"taxonomy":"post_tag","embeddable":true,"href":"https:\/\/diariorepublica.com.ar\/web\/index.php\/wp-json\/wp\/v2\/tags?post=14218"}],"curies":[{"name":"wp","href":"https:\/\/api.w.org\/{rel}","templated":true}]}}