{"id":14227,"date":"2024-05-06T00:06:00","date_gmt":"2024-05-06T03:06:00","guid":{"rendered":"https:\/\/diariorepublica.com.ar\/web\/?p=14227"},"modified":"2024-05-06T07:07:15","modified_gmt":"2024-05-06T10:07:15","slug":"la-vicegobernacion-brindo-talleres-en-aconquija","status":"publish","type":"post","link":"https:\/\/diariorepublica.com.ar\/web\/index.php\/locales\/2024\/05\/06\/la-vicegobernacion-brindo-talleres-en-aconquija\/","title":{"rendered":"La Vicegobernaci\u00f3n brind\u00f3 talleres en Aconquija"},"content":{"rendered":"<p>D\u00edas pasados el equipo de Vicegobernaci\u00f3n que conduce Rub\u00e9n Dusso lleg\u00f3 a Aconquija, departamento Andalgal\u00e1, donde en conjunto con el senador Horacio Guti\u00e9rrez, se brindaron talleres de Encuadernaci\u00f3n y de RCP (Primeros auxilios). Actividades llevadas adelante de manera conjunta entre Biblioteca del Senado \u00abMario Dardo Aguirre\u00bb, y el \u00e1rea de Juventud de Vicegobernaci\u00f3n.<\/p>\n<p>Las actividades formativas se brindaron en diferentes oportunidades, trabajando junto a la Escuela Secundar\u00eda N\u00b027 turno tarde y turno ma\u00f1ana; la escuela secundaria N\u00b027 Maria Elsa Camisay de Gutierrez, turno ma\u00f1ana y tarde; \u00a0as\u00ed como empleados municipales y organismos p\u00fablicos.<\/p>\n","protected":false},"excerpt":{"rendered":"<p>D\u00edas pasados el equipo de Vicegobernaci\u00f3n que conduce Rub\u00e9n Dusso lleg\u00f3 a Aconquija, departamento Andalgal\u00e1, donde en conjunto con el<\/p>\n","protected":false},"author":1,"featured_media":14228,"comment_status":"closed","ping_status":"closed","sticky":false,"template":"","format":"standard","meta":{"footnotes":"","jetpack_publicize_message":"","jetpack_publicize_feature_enabled":true,"jetpack_social_post_already_shared":true,"jetpack_social_options":{"image_generator_settings":{"template":"highway","enabled":false},"version":2}},"categories":[2],"tags":[],"class_list":["post-14227","post","type-post","status-publish","format-standard","has-post-thumbnail","hentry","category-locales"],"jetpack_publicize_connections":[],"_links":{"self":[{"href":"https:\/\/diariorepublica.com.ar\/web\/index.php\/wp-json\/wp\/v2\/posts\/14227"}],"collection":[{"href":"https:\/\/diariorepublica.com.ar\/web\/index.php\/wp-json\/wp\/v2\/posts"}],"about":[{"href":"https:\/\/diariorepublica.com.ar\/web\/index.php\/wp-json\/wp\/v2\/types\/post"}],"author":[{"embeddable":true,"href":"https:\/\/diariorepublica.com.ar\/web\/index.php\/wp-json\/wp\/v2\/users\/1"}],"replies":[{"embeddable":true,"href":"https:\/\/diariorepublica.com.ar\/web\/index.php\/wp-json\/wp\/v2\/comments?post=14227"}],"version-history":[{"count":1,"href":"https:\/\/diariorepublica.com.ar\/web\/index.php\/wp-json\/wp\/v2\/posts\/14227\/revisions"}],"predecessor-version":[{"id":14229,"href":"https:\/\/diariorepublica.com.ar\/web\/index.php\/wp-json\/wp\/v2\/posts\/14227\/revisions\/14229"}],"wp:featuredmedia":[{"embeddable":true,"href":"https:\/\/diariorepublica.com.ar\/web\/index.php\/wp-json\/wp\/v2\/media\/14228"}],"wp:attachment":[{"href":"https:\/\/diariorepublica.com.ar\/web\/index.php\/wp-json\/wp\/v2\/media?parent=14227"}],"wp:term":[{"taxonomy":"category","embeddable":true,"href":"https:\/\/diariorepublica.com.ar\/web\/index.php\/wp-json\/wp\/v2\/categories?post=14227"},{"taxonomy":"post_tag","embeddable":true,"href":"https:\/\/diariorepublica.com.ar\/web\/index.php\/wp-json\/wp\/v2\/tags?post=14227"}],"curies":[{"name":"wp","href":"https:\/\/api.w.org\/{rel}","templated":true}]}}