{"id":14230,"date":"2024-05-06T05:23:00","date_gmt":"2024-05-06T08:23:00","guid":{"rendered":"https:\/\/diariorepublica.com.ar\/web\/?p=14230"},"modified":"2024-05-06T07:24:44","modified_gmt":"2024-05-06T10:24:44","slug":"los-angeles-milei-se-prepara-para-exponer-sobre-economia-y-reunirse-con-elon-musk","status":"publish","type":"post","link":"https:\/\/diariorepublica.com.ar\/web\/index.php\/politica\/2024\/05\/06\/los-angeles-milei-se-prepara-para-exponer-sobre-economia-y-reunirse-con-elon-musk\/","title":{"rendered":"Los \u00c1ngeles: Milei se prepara para exponer sobre econom\u00eda y reunirse con Elon Musk"},"content":{"rendered":"<p>El presidente Javier Milei ya se encuentra en la ciudad de Los \u00c1ngeles, en Estados Unidos, para participar de una convenci\u00f3n global de inversores, y a protagonizar una agenda que incluye un intercambio con el empresario Elon Musk, y una reuni\u00f3n con el titular de la FIFA, Gianni Infantino.<\/p>\n<p>El jefe de Estado participar\u00e1 del Foro del Instituto Milken, que nuclea a empresarios, banqueros, CEOs, fondos y del que participar\u00e1 tambi\u00e9n la directora del Fondo Monetario Internacional (FMI), Kristalina Georgieva, entre otras personalidades destacadas.<\/p>\n<p>Durante la tarde del lunes, realizar\u00e1 una exposici\u00f3n con una fuerte defensa de las pol\u00edticas desregulatorias que faciliten el libre comercio, y reiterar\u00e1 sus cr\u00edticas a la intervenci\u00f3n del Estado y a la clase pol\u00edtica.<\/p>\n<p>Milei se reunir\u00e1 con Musk e Infantino<br \/>\nEn agenda, el mandatario tiene previsto reunirse con el magnate empresarial sudafricano, Elon Musk, en compa\u00f1\u00eda de la secretaria General de la Presidencia, Karina Milei. Tambi\u00e9n se entrevistar\u00e1 con el titular de la FIFA, Gianni Infantino, ante quien expondr\u00e1 su proyecto para impulsar las Sociedades An\u00f3nimas Deportivas (SAD) en el f\u00fatbol local, iniciativa del espacio libertario.<\/p>\n<p>Pasado el mediod\u00eda, el avi\u00f3n presidencial ARG 01, adquirido por el expresidente Alberto Fern\u00e1ndez, aterriz\u00f3 en tierras norteamericanas en su primer uso bajo la administraci\u00f3n libertaria debido a las advertencias sobre los vuelos comerciales del Ministerio de Seguridad, a cargo de Patricia Bullrich.<\/p>\n<p>La acotada delegaci\u00f3n que acompa\u00f1\u00f3 al mandatario est\u00e1 compuesta por el jefe de Gabinete, Nicol\u00e1s Posse; el ministro de Econom\u00eda, Luis Caputo; la secretaria General de la Presidencia, Karina Milei; y el embajador designado en Estados Unidos, Gerardo Werthein.<\/p>\n<p>Se trata de un viaje expr\u00e9s, de poco m\u00e1s de 36 horas, con intenci\u00f3n de retornar al pa\u00eds el martes 6 de mayo para continuar enfocado en destrabar los apoyos en la C\u00e1mara de Senadores que le permitan conquistar la media sanci\u00f3n restante de la Ley Bases, camino al Pacto de Mayo, previsto para el 25 del mes en la provincia de C\u00f3rdoba.<\/p>\n<p>En paralelo, Posse y Caputo protagonizar\u00e1n encuentros con importantes inversores, banqueros y CEO\u00b4s asistentes a la conferencia del Instituto Milken.<\/p>\n","protected":false},"excerpt":{"rendered":"<p>El presidente Javier Milei ya se encuentra en la ciudad de Los \u00c1ngeles, en Estados Unidos, para participar de una<\/p>\n","protected":false},"author":1,"featured_media":14231,"comment_status":"closed","ping_status":"closed","sticky":false,"template":"","format":"standard","meta":{"footnotes":"","jetpack_publicize_message":"","jetpack_publicize_feature_enabled":true,"jetpack_social_post_already_shared":true,"jetpack_social_options":{"image_generator_settings":{"template":"highway","enabled":false},"version":2}},"categories":[12],"tags":[],"class_list":["post-14230","post","type-post","status-publish","format-standard","has-post-thumbnail","hentry","category-politica"],"jetpack_publicize_connections":[],"_links":{"self":[{"href":"https:\/\/diariorepublica.com.ar\/web\/index.php\/wp-json\/wp\/v2\/posts\/14230"}],"collection":[{"href":"https:\/\/diariorepublica.com.ar\/web\/index.php\/wp-json\/wp\/v2\/posts"}],"about":[{"href":"https:\/\/diariorepublica.com.ar\/web\/index.php\/wp-json\/wp\/v2\/types\/post"}],"author":[{"embeddable":true,"href":"https:\/\/diariorepublica.com.ar\/web\/index.php\/wp-json\/wp\/v2\/users\/1"}],"replies":[{"embeddable":true,"href":"https:\/\/diariorepublica.com.ar\/web\/index.php\/wp-json\/wp\/v2\/comments?post=14230"}],"version-history":[{"count":1,"href":"https:\/\/diariorepublica.com.ar\/web\/index.php\/wp-json\/wp\/v2\/posts\/14230\/revisions"}],"predecessor-version":[{"id":14232,"href":"https:\/\/diariorepublica.com.ar\/web\/index.php\/wp-json\/wp\/v2\/posts\/14230\/revisions\/14232"}],"wp:featuredmedia":[{"embeddable":true,"href":"https:\/\/diariorepublica.com.ar\/web\/index.php\/wp-json\/wp\/v2\/media\/14231"}],"wp:attachment":[{"href":"https:\/\/diariorepublica.com.ar\/web\/index.php\/wp-json\/wp\/v2\/media?parent=14230"}],"wp:term":[{"taxonomy":"category","embeddable":true,"href":"https:\/\/diariorepublica.com.ar\/web\/index.php\/wp-json\/wp\/v2\/categories?post=14230"},{"taxonomy":"post_tag","embeddable":true,"href":"https:\/\/diariorepublica.com.ar\/web\/index.php\/wp-json\/wp\/v2\/tags?post=14230"}],"curies":[{"name":"wp","href":"https:\/\/api.w.org\/{rel}","templated":true}]}}