{"id":14233,"date":"2024-05-06T00:05:00","date_gmt":"2024-05-06T03:05:00","guid":{"rendered":"https:\/\/diariorepublica.com.ar\/web\/?p=14233"},"modified":"2024-05-06T07:26:56","modified_gmt":"2024-05-06T10:26:56","slug":"murio-bernard-hill-el-actor-de-titanic-y-de-el-senor-de-los-anillos","status":"publish","type":"post","link":"https:\/\/diariorepublica.com.ar\/web\/index.php\/espectaculos\/2024\/05\/06\/murio-bernard-hill-el-actor-de-titanic-y-de-el-senor-de-los-anillos\/","title":{"rendered":"Muri\u00f3 Bernard Hill, el actor de Titanic y de El Se\u00f1or de los Anillos"},"content":{"rendered":"<article class=\"article-body first\">\n<div class=\"article-content\">\n<div class=\"news-body-paragraph\">\n<p>El actor brit\u00e1nico<strong>\u00a0Bernard Hill,\u00a0<\/strong>reconocido por sus papeles en Titanic y El Se\u00f1or de los Anillos, muri\u00f3 este domingo a los 79 a\u00f1os. Su representante<strong>\u00a0Lou Coulson<\/strong>\u00a0dio a conocer la triste noticia en las primeras horas del domingo a los medios de comunicaci\u00f3n ingleses.<\/p>\n<\/div>\n<\/div>\n<\/article>\n<article class=\"article-body\">\n<div class=\"article-content\">\n<div class=\"news-body-paragraph\">\n<p>En la pel\u00edcula de James Cameron, el int\u00e9rprete se puso en la piel del capit\u00e1n del transatl\u00e1ntico; en la trilog\u00eda de Peter Jackson, en tanto, hizo del rey Th\u00e9oden.<\/p>\n<p><em>\u00abCon la mayor tristeza debemos anunciar que Bernard Hill, renombrado actor conocido por sus papeles en Titanic y El Se\u00f1or de los Anillos, falleci\u00f3 esta madrugada a la edad de 79 a\u00f1os\u00bb,<\/em>\u00a0expres\u00f3 su familia en un comunicado.<\/p>\n<p>El actor tambi\u00e9n particip\u00f3 del largometraje Yo, Claudio y en el drama que lo lanz\u00f3 a la fama en los &#8217;80, Boys from the Blackstuff sobre la era Thatcher. Adem\u00e1s, actu\u00f3 en la pel\u00edcula Gandhi, de Richard Attenborough y en una adaptaci\u00f3n de la BBC de Wolf Hall, de Hilary Mantel.<\/p>\n<p>La \u00faltima actuaci\u00f3n de Hill fue en la segunda temporada de la serie The Responder, un drama de la BBC protagonizado por el actor Martin Freeman, que se estrena este domingo.<\/p>\n<\/div>\n<\/div>\n<\/article>\n","protected":false},"excerpt":{"rendered":"<p>El actor brit\u00e1nico\u00a0Bernard Hill,\u00a0reconocido por sus papeles en Titanic y El Se\u00f1or de los Anillos, muri\u00f3 este domingo a los<\/p>\n","protected":false},"author":1,"featured_media":14234,"comment_status":"closed","ping_status":"closed","sticky":false,"template":"","format":"standard","meta":{"footnotes":"","jetpack_publicize_message":"","jetpack_publicize_feature_enabled":true,"jetpack_social_post_already_shared":true,"jetpack_social_options":{"image_generator_settings":{"template":"highway","enabled":false},"version":2}},"categories":[7],"tags":[],"class_list":["post-14233","post","type-post","status-publish","format-standard","has-post-thumbnail","hentry","category-espectaculos"],"jetpack_publicize_connections":[],"_links":{"self":[{"href":"https:\/\/diariorepublica.com.ar\/web\/index.php\/wp-json\/wp\/v2\/posts\/14233"}],"collection":[{"href":"https:\/\/diariorepublica.com.ar\/web\/index.php\/wp-json\/wp\/v2\/posts"}],"about":[{"href":"https:\/\/diariorepublica.com.ar\/web\/index.php\/wp-json\/wp\/v2\/types\/post"}],"author":[{"embeddable":true,"href":"https:\/\/diariorepublica.com.ar\/web\/index.php\/wp-json\/wp\/v2\/users\/1"}],"replies":[{"embeddable":true,"href":"https:\/\/diariorepublica.com.ar\/web\/index.php\/wp-json\/wp\/v2\/comments?post=14233"}],"version-history":[{"count":1,"href":"https:\/\/diariorepublica.com.ar\/web\/index.php\/wp-json\/wp\/v2\/posts\/14233\/revisions"}],"predecessor-version":[{"id":14235,"href":"https:\/\/diariorepublica.com.ar\/web\/index.php\/wp-json\/wp\/v2\/posts\/14233\/revisions\/14235"}],"wp:featuredmedia":[{"embeddable":true,"href":"https:\/\/diariorepublica.com.ar\/web\/index.php\/wp-json\/wp\/v2\/media\/14234"}],"wp:attachment":[{"href":"https:\/\/diariorepublica.com.ar\/web\/index.php\/wp-json\/wp\/v2\/media?parent=14233"}],"wp:term":[{"taxonomy":"category","embeddable":true,"href":"https:\/\/diariorepublica.com.ar\/web\/index.php\/wp-json\/wp\/v2\/categories?post=14233"},{"taxonomy":"post_tag","embeddable":true,"href":"https:\/\/diariorepublica.com.ar\/web\/index.php\/wp-json\/wp\/v2\/tags?post=14233"}],"curies":[{"name":"wp","href":"https:\/\/api.w.org\/{rel}","templated":true}]}}