{"id":14262,"date":"2024-05-06T10:20:47","date_gmt":"2024-05-06T13:20:47","guid":{"rendered":"https:\/\/diariorepublica.com.ar\/web\/?p=14262"},"modified":"2024-05-06T10:20:49","modified_gmt":"2024-05-06T13:20:49","slug":"raul-se-reunio-con-el-obispo-urbanc-en-la-previa-de-su-viaje-al-vaticano","status":"publish","type":"post","link":"https:\/\/diariorepublica.com.ar\/web\/index.php\/sociedad\/2024\/05\/06\/raul-se-reunio-con-el-obispo-urbanc-en-la-previa-de-su-viaje-al-vaticano\/","title":{"rendered":"Ra\u00fal se reuni\u00f3 con el Obispo Urbanc en la previa de su viaje al Vaticano"},"content":{"rendered":"<p>El gobernador Ra\u00fal Jalil se reuni\u00f3 con el Obispo Diocesano de Catamarca, Luis Urbanc, en la previa de su viaje al Vaticano la pr\u00f3xima semana.<\/p>\n<p>El encuentro tuvo lugar como parte de los preparativos para la participaci\u00f3n del Gobernador en diversas actividades organizadas por la Santa Sede, entre ellas, una conferencia sobre cambio clim\u00e1tico que tendr\u00e1 al mandatario provincial como uno de los expositores.<\/p>\n","protected":false},"excerpt":{"rendered":"<p>El gobernador Ra\u00fal Jalil se reuni\u00f3 con el Obispo Diocesano de Catamarca, Luis Urbanc, en la previa de su viaje<\/p>\n","protected":false},"author":1,"featured_media":14263,"comment_status":"closed","ping_status":"closed","sticky":false,"template":"","format":"standard","meta":{"footnotes":"","jetpack_publicize_message":"","jetpack_publicize_feature_enabled":true,"jetpack_social_post_already_shared":true,"jetpack_social_options":{"image_generator_settings":{"template":"highway","enabled":false},"version":2}},"categories":[3],"tags":[],"class_list":["post-14262","post","type-post","status-publish","format-standard","has-post-thumbnail","hentry","category-sociedad"],"jetpack_publicize_connections":[],"_links":{"self":[{"href":"https:\/\/diariorepublica.com.ar\/web\/index.php\/wp-json\/wp\/v2\/posts\/14262"}],"collection":[{"href":"https:\/\/diariorepublica.com.ar\/web\/index.php\/wp-json\/wp\/v2\/posts"}],"about":[{"href":"https:\/\/diariorepublica.com.ar\/web\/index.php\/wp-json\/wp\/v2\/types\/post"}],"author":[{"embeddable":true,"href":"https:\/\/diariorepublica.com.ar\/web\/index.php\/wp-json\/wp\/v2\/users\/1"}],"replies":[{"embeddable":true,"href":"https:\/\/diariorepublica.com.ar\/web\/index.php\/wp-json\/wp\/v2\/comments?post=14262"}],"version-history":[{"count":1,"href":"https:\/\/diariorepublica.com.ar\/web\/index.php\/wp-json\/wp\/v2\/posts\/14262\/revisions"}],"predecessor-version":[{"id":14264,"href":"https:\/\/diariorepublica.com.ar\/web\/index.php\/wp-json\/wp\/v2\/posts\/14262\/revisions\/14264"}],"wp:featuredmedia":[{"embeddable":true,"href":"https:\/\/diariorepublica.com.ar\/web\/index.php\/wp-json\/wp\/v2\/media\/14263"}],"wp:attachment":[{"href":"https:\/\/diariorepublica.com.ar\/web\/index.php\/wp-json\/wp\/v2\/media?parent=14262"}],"wp:term":[{"taxonomy":"category","embeddable":true,"href":"https:\/\/diariorepublica.com.ar\/web\/index.php\/wp-json\/wp\/v2\/categories?post=14262"},{"taxonomy":"post_tag","embeddable":true,"href":"https:\/\/diariorepublica.com.ar\/web\/index.php\/wp-json\/wp\/v2\/tags?post=14262"}],"curies":[{"name":"wp","href":"https:\/\/api.w.org\/{rel}","templated":true}]}}