{"id":14319,"date":"2024-05-07T09:32:08","date_gmt":"2024-05-07T12:32:08","guid":{"rendered":"https:\/\/diariorepublica.com.ar\/web\/?p=14319"},"modified":"2024-05-07T09:32:11","modified_gmt":"2024-05-07T12:32:11","slug":"camion-se-estrello-en-el-edificio-de-la-municipalidad-de-la-capital","status":"publish","type":"post","link":"https:\/\/diariorepublica.com.ar\/web\/index.php\/policiales\/2024\/05\/07\/camion-se-estrello-en-el-edificio-de-la-municipalidad-de-la-capital\/","title":{"rendered":"Cami\u00f3n se estrell\u00f3 en el edificio de la Municipalidad de la Capital"},"content":{"rendered":"<p>En las primeras horas de la ma\u00f1ana de este martes se registr\u00f3 un violento choque en la Capital.<\/p>\n<p>Carlos Gonz\u00e1lez de 44 a\u00f1os, circulaba a bordo de un cami\u00f3n y transportaba verdura, cuando por calle La Rioja el veh\u00edculo se qued\u00f3 sin frenos.<\/p>\n<p>El conductor oriundo de la provincia de Mendoza decidi\u00f3 impactar el rodado de gran porte contra las rejas del Palacio Municipal. Afortunadamente no hubo personas lesionadas y solo se registraron da\u00f1os materiales.<\/p>\n","protected":false},"excerpt":{"rendered":"<p>En las primeras horas de la ma\u00f1ana de este martes se registr\u00f3 un violento choque en la Capital. Carlos Gonz\u00e1lez<\/p>\n","protected":false},"author":2,"featured_media":14322,"comment_status":"closed","ping_status":"closed","sticky":false,"template":"","format":"standard","meta":{"footnotes":"","jetpack_publicize_message":"","jetpack_publicize_feature_enabled":true,"jetpack_social_post_already_shared":true,"jetpack_social_options":{"image_generator_settings":{"template":"highway","enabled":false},"version":2}},"categories":[8],"tags":[],"class_list":["post-14319","post","type-post","status-publish","format-standard","has-post-thumbnail","hentry","category-policiales"],"jetpack_publicize_connections":[],"_links":{"self":[{"href":"https:\/\/diariorepublica.com.ar\/web\/index.php\/wp-json\/wp\/v2\/posts\/14319"}],"collection":[{"href":"https:\/\/diariorepublica.com.ar\/web\/index.php\/wp-json\/wp\/v2\/posts"}],"about":[{"href":"https:\/\/diariorepublica.com.ar\/web\/index.php\/wp-json\/wp\/v2\/types\/post"}],"author":[{"embeddable":true,"href":"https:\/\/diariorepublica.com.ar\/web\/index.php\/wp-json\/wp\/v2\/users\/2"}],"replies":[{"embeddable":true,"href":"https:\/\/diariorepublica.com.ar\/web\/index.php\/wp-json\/wp\/v2\/comments?post=14319"}],"version-history":[{"count":1,"href":"https:\/\/diariorepublica.com.ar\/web\/index.php\/wp-json\/wp\/v2\/posts\/14319\/revisions"}],"predecessor-version":[{"id":14323,"href":"https:\/\/diariorepublica.com.ar\/web\/index.php\/wp-json\/wp\/v2\/posts\/14319\/revisions\/14323"}],"wp:featuredmedia":[{"embeddable":true,"href":"https:\/\/diariorepublica.com.ar\/web\/index.php\/wp-json\/wp\/v2\/media\/14322"}],"wp:attachment":[{"href":"https:\/\/diariorepublica.com.ar\/web\/index.php\/wp-json\/wp\/v2\/media?parent=14319"}],"wp:term":[{"taxonomy":"category","embeddable":true,"href":"https:\/\/diariorepublica.com.ar\/web\/index.php\/wp-json\/wp\/v2\/categories?post=14319"},{"taxonomy":"post_tag","embeddable":true,"href":"https:\/\/diariorepublica.com.ar\/web\/index.php\/wp-json\/wp\/v2\/tags?post=14319"}],"curies":[{"name":"wp","href":"https:\/\/api.w.org\/{rel}","templated":true}]}}