{"id":14355,"date":"2024-05-08T07:36:19","date_gmt":"2024-05-08T10:36:19","guid":{"rendered":"https:\/\/diariorepublica.com.ar\/web\/?p=14355"},"modified":"2024-05-08T07:36:21","modified_gmt":"2024-05-08T10:36:21","slug":"el-centro-cultural-kirchner-pasara-a-llamarse-palacio-libertad","status":"publish","type":"post","link":"https:\/\/diariorepublica.com.ar\/web\/index.php\/nacionales\/2024\/05\/08\/el-centro-cultural-kirchner-pasara-a-llamarse-palacio-libertad\/","title":{"rendered":"El Centro Cultural Kirchner pasar\u00e1 a llamarse Palacio Libertad"},"content":{"rendered":"<article id=\"article-post\" class=\"first\">\n<div class=\"cuerpo\" data-twitter-link=\"https:\/\/twitter.com\/intent\/tweet?url=https:\/\/www.diariopopular.com.ar\/c785565&amp;via=poopulardiario&amp;related=Popular&amp;text=\">\n<p class=\"paragraph\" data-mrf-recirculation=\"Links inline\">El\u00a0<strong>Centro Cultural Kirchner pasar\u00e1 a llamarse Palacio Libertad<\/strong>. La noticia fue dada a conocer este martes por\u00a0<strong>Manuel Adorni<\/strong>, vocero presidencial, a trav\u00e9s de un minimalista posteo en su cuenta de X (ex Twitter). Aunque el edificio depende de la Secretar\u00eda de Cultura, es decir que est\u00e1 bajo el ala del Ministerio de Capital Humano que encabeza\u00a0<strong>Sandra Pettovello<\/strong>,\u00a0<strong>la decisi\u00f3n fue adoptada directamente desde la Casa Rosada.<\/strong><\/p>\n<\/div>\n<\/article>\n<article id=\"article-post\">\n<div class=\"cuerpo\" data-twitter-link=\"https:\/\/twitter.com\/intent\/tweet?url=https:\/\/www.diariopopular.com.ar\/c785565&amp;via=poopulardiario&amp;related=Popular&amp;text=\">\n<p class=\"paragraph\" data-mrf-recirculation=\"Links inline\"><strong>\u00abPalacio Libertad. Fin\u00bb, fue el escueto texto<\/strong>\u00a0con el que el funcionario nacional continu\u00f3 con lo que hab\u00eda anticipado el 26 de marzo, es decir,\u00a0<strong>la idea del gobierno libertario a cargo de Javier Milei de \u201cdeskirchnerizar\u201d los nombres de edificios p\u00fablicos identificados con la gesti\u00f3n anterior<\/strong>. \u201cSe ha decidido finalmente\u00a0<strong>cambiarle el nombre al Centro Cultural Kirchner (CCK)<\/strong>, as\u00ed que dejar\u00e1 de llamarse como tal y efectivamente se le dar\u00e1 paso a un nuevo nombre\u201d, consign\u00f3 en aquel momento Adorni sobre el<strong>\u00a0edificio situado en Sarmiento 151<\/strong>.<\/p>\n<div id=\"embed11_wrap\" class=\"embed_cont type_freetext\" contenteditable=\"false\">\n<div id=\"embed11_content\" class=\"embed_content\">\n<div id=\"embed11_embed\">\n<div class=\"twitter-tweet twitter-tweet-rendered\"><iframe id=\"twitter-widget-0\" class=\"\" title=\"X Post\" src=\"https:\/\/platform.twitter.com\/embed\/Tweet.html?creatorScreenName=diariopopular&amp;dnt=false&amp;embedId=twitter-widget-0&amp;features=eyJ0ZndfdGltZWxpbmVfbGlzdCI6eyJidWNrZXQiOltdLCJ2ZXJzaW9uIjpudWxsfSwidGZ3X2ZvbGxvd2VyX2NvdW50X3N1bnNldCI6eyJidWNrZXQiOnRydWUsInZlcnNpb24iOm51bGx9LCJ0ZndfdHdlZXRfZWRpdF9iYWNrZW5kIjp7ImJ1Y2tldCI6Im9uIiwidmVyc2lvbiI6bnVsbH0sInRmd19yZWZzcmNfc2Vzc2lvbiI6eyJidWNrZXQiOiJvbiIsInZlcnNpb24iOm51bGx9LCJ0ZndfZm9zbnJfc29mdF9pbnRlcnZlbnRpb25zX2VuYWJsZWQiOnsiYnVja2V0Ijoib24iLCJ2ZXJzaW9uIjpudWxsfSwidGZ3X21peGVkX21lZGlhXzE1ODk3Ijp7ImJ1Y2tldCI6InRyZWF0bWVudCIsInZlcnNpb24iOm51bGx9LCJ0ZndfZXhwZXJpbWVudHNfY29va2llX2V4cGlyYXRpb24iOnsiYnVja2V0IjoxMjA5NjAwLCJ2ZXJzaW9uIjpudWxsfSwidGZ3X3Nob3dfYmlyZHdhdGNoX3Bpdm90c19lbmFibGVkIjp7ImJ1Y2tldCI6Im9uIiwidmVyc2lvbiI6bnVsbH0sInRmd19kdXBsaWNhdGVfc2NyaWJlc190b19zZXR0aW5ncyI6eyJidWNrZXQiOiJvbiIsInZlcnNpb24iOm51bGx9LCJ0ZndfdXNlX3Byb2ZpbGVfaW1hZ2Vfc2hhcGVfZW5hYmxlZCI6eyJidWNrZXQiOiJvbiIsInZlcnNpb24iOm51bGx9LCJ0ZndfdmlkZW9faGxzX2R5bmFtaWNfbWFuaWZlc3RzXzE1MDgyIjp7ImJ1Y2tldCI6InRydWVfYml0cmF0ZSIsInZlcnNpb24iOm51bGx9LCJ0ZndfbGVnYWN5X3RpbWVsaW5lX3N1bnNldCI6eyJidWNrZXQiOnRydWUsInZlcnNpb24iOm51bGx9LCJ0ZndfdHdlZXRfZWRpdF9mcm9udGVuZCI6eyJidWNrZXQiOiJvbiIsInZlcnNpb24iOm51bGx9fQ%3D%3D&amp;frame=false&amp;hideCard=false&amp;hideThread=false&amp;id=1787884362987348479&amp;lang=en&amp;origin=https%3A%2F%2Fwww.diariopopular.com.ar%2Fpolitica%2Fel-centro-cultural-kirchner-pasara-llamarse-palacio-libertad-n785565&amp;sessionId=767b7484c4d39cee946eef8daf88b441e41c5a02&amp;siteScreenName=diariopopular&amp;theme=light&amp;widgetsVersion=2615f7e52b7e0%3A1702314776716&amp;width=550px\" frameborder=\"0\" scrolling=\"no\" allowfullscreen=\"allowfullscreen\" data-tweet-id=\"1787884362987348479\" data-gtm-yt-inspected-11=\"true\" data-mce-fragment=\"1\"><\/iframe><\/div>\n<\/div>\n<\/div>\n<div id=\"embed11_epigrafe\" class=\"embed_epigrafe\"><\/div>\n<div id=\"embed11_copyright\" class=\"embed_copyright\"><\/div>\n<\/div>\n<p class=\"paragraph\" data-mrf-recirculation=\"Links inline\">Con la elecci\u00f3n de Palacio Libertad para la sede de lo que alguna vez fue el\u00a0<strong>Palacio de Correos y Comunicaciones<\/strong>, quedaron atr\u00e1s opciones que hab\u00edan trascendido como\u00a0<strong>Julio Argentino Roca, Jorge Luis Borges, Domingo Faustino Sarmiento o Bartolom\u00e9 Mitre<\/strong>, por ejemplo. As\u00ed, no ser\u00e1 el \u00fanico edificio porte\u00f1o que lleve por nombre la palabra Libertad: la sede de la Armada Argentina ubicada en Retiro se llama Edificio Libertad.<\/p>\n<p class=\"paragraph\" data-mrf-recirculation=\"Links inline\">La oficializaci\u00f3n, de acuerdo con lo que se inform\u00f3, llegar\u00eda de la mano con un\u00a0<strong>decreto de necesidad y urgencia (DNU)<\/strong>, una de las dos posibilidades legales, la otra es una ley, para reemplazar a la normativa sancionada en noviembre de 2012, cuando promulg\u00f3 la ley 26.794 que modific\u00f3 el nombre original de Centro Cultural del Bicentenario por el de \u201cPresidente Dr. N\u00e9stor Carlos Kirchner\u201d.<\/p>\n<p class=\"paragraph\" data-mrf-recirculation=\"Links inline\">Entre otros edificios gubernamentales que variaron su nombre bajo la administraci\u00f3n libertaria figura el que sirve de sede al\u00a0<strong>Ministerio de Capital Humano<\/strong>. La ahora ex\u00a0<strong>Casa Patria Grande N\u00e9stor C. Kirchner<\/strong>, ubicada en Carlos Pellegrini al 1200, donde Pettovello tiene su despacho, pas\u00f3 a llamarse\u00a0<strong>Casa Patria Libertad<\/strong>.<\/p>\n<p class=\"paragraph\" data-mrf-recirculation=\"Links inline\">Tambi\u00e9n en la Casa Rosada, ubicada a unas pocas cuadras del CCK y futuro Palacio Libertad, se produjeron modificaciones.\u00a0<strong>El Sal\u00f3n de las Mujeres pas\u00f3 a llamarse Sal\u00f3n de los Pr\u00f3ceres en el D\u00eda Internacional de la Mujer<\/strong>\u00a0por iniciativa de la secretaria General de la Presidencia,\u00a0<strong>Karina Milei<\/strong>. Lo mismo ocurri\u00f3 unos d\u00edas despu\u00e9s,\u00a0<strong>el 2 de abril<\/strong>, cuando al\u00a0<strong>Sal\u00f3n de los Pueblos Originarios,<\/strong>\u00a0situado en la planta baja de Balcarce 50 se lo rebautiz\u00f3 como\u00a0<strong>H\u00e9roes de Malvinas<\/strong>.<\/p>\n<\/div>\n<\/article>\n","protected":false},"excerpt":{"rendered":"<p>El\u00a0Centro Cultural Kirchner pasar\u00e1 a llamarse Palacio Libertad. La noticia fue dada a conocer este martes por\u00a0Manuel Adorni, vocero presidencial,<\/p>\n","protected":false},"author":1,"featured_media":14356,"comment_status":"closed","ping_status":"closed","sticky":false,"template":"","format":"standard","meta":{"footnotes":"","jetpack_publicize_message":"","jetpack_publicize_feature_enabled":true,"jetpack_social_post_already_shared":true,"jetpack_social_options":{"image_generator_settings":{"template":"highway","enabled":false},"version":2}},"categories":[4],"tags":[],"class_list":["post-14355","post","type-post","status-publish","format-standard","has-post-thumbnail","hentry","category-nacionales"],"jetpack_publicize_connections":[],"_links":{"self":[{"href":"https:\/\/diariorepublica.com.ar\/web\/index.php\/wp-json\/wp\/v2\/posts\/14355"}],"collection":[{"href":"https:\/\/diariorepublica.com.ar\/web\/index.php\/wp-json\/wp\/v2\/posts"}],"about":[{"href":"https:\/\/diariorepublica.com.ar\/web\/index.php\/wp-json\/wp\/v2\/types\/post"}],"author":[{"embeddable":true,"href":"https:\/\/diariorepublica.com.ar\/web\/index.php\/wp-json\/wp\/v2\/users\/1"}],"replies":[{"embeddable":true,"href":"https:\/\/diariorepublica.com.ar\/web\/index.php\/wp-json\/wp\/v2\/comments?post=14355"}],"version-history":[{"count":1,"href":"https:\/\/diariorepublica.com.ar\/web\/index.php\/wp-json\/wp\/v2\/posts\/14355\/revisions"}],"predecessor-version":[{"id":14357,"href":"https:\/\/diariorepublica.com.ar\/web\/index.php\/wp-json\/wp\/v2\/posts\/14355\/revisions\/14357"}],"wp:featuredmedia":[{"embeddable":true,"href":"https:\/\/diariorepublica.com.ar\/web\/index.php\/wp-json\/wp\/v2\/media\/14356"}],"wp:attachment":[{"href":"https:\/\/diariorepublica.com.ar\/web\/index.php\/wp-json\/wp\/v2\/media?parent=14355"}],"wp:term":[{"taxonomy":"category","embeddable":true,"href":"https:\/\/diariorepublica.com.ar\/web\/index.php\/wp-json\/wp\/v2\/categories?post=14355"},{"taxonomy":"post_tag","embeddable":true,"href":"https:\/\/diariorepublica.com.ar\/web\/index.php\/wp-json\/wp\/v2\/tags?post=14355"}],"curies":[{"name":"wp","href":"https:\/\/api.w.org\/{rel}","templated":true}]}}