{"id":14376,"date":"2024-05-08T12:11:47","date_gmt":"2024-05-08T15:11:47","guid":{"rendered":"https:\/\/diariorepublica.com.ar\/web\/?p=14376"},"modified":"2024-05-08T12:11:49","modified_gmt":"2024-05-08T15:11:49","slug":"raul-visito-la-escuela-de-la-quebrada","status":"publish","type":"post","link":"https:\/\/diariorepublica.com.ar\/web\/index.php\/sociedad\/2024\/05\/08\/raul-visito-la-escuela-de-la-quebrada\/","title":{"rendered":"Ra\u00fal visit\u00f3 la Escuela de \u201cLa Quebrada\u201d"},"content":{"rendered":"<p>El gobernador Ra\u00fal Jalil, junto al ministro de Educaci\u00f3n, Dalmacio Mera, visit\u00f3 esta ma\u00f1ana la Escuela N\u00b0 324 \u201cElvira Grellet de Caro\u201d, donde recorri\u00f3 junto a directivos las intervenciones realizadas por el Ministerio de Infraestructura y Obras Civiles en el establecimiento para el presente a\u00f1o lectivo.<\/p>\n<p>En la tambi\u00e9n conocida como \u201cEscuela de La Quebrada\u201d, se concretaron diversas remodelaciones que incluyeron el mejoramiento de los sanitarios, reparaciones de instalaciones el\u00e9ctricas, trabajos y refacciones de durlock, reparaciones en la cocina, tareas de pintura, entre otras intervenciones integrales.<\/p>\n<p>Estas mejoras benefician diariamente a los m\u00e1s de 180 estudiantes que desarrollan su trayecto educativo en el establecimiento.<\/p>\n<p>En la oportunidad, el mandatario dialog\u00f3 con los alumnos y alumnas y se comprometi\u00f3 a gestionar los recursos necesarios para concretar el techado de un espacio deportivo y de recreaci\u00f3n que tiene en su patio la escuela.<\/p>\n<p>Durante la visita acompa\u00f1aron el ministro de Infraestructura y Obras Civiles, Juan Marchetti; la presidenta de la C\u00e1mara de Diputados, Paola Fedeli, y el senador de Capital, Ram\u00f3n Figueroa Castellanos, entre otras autoridades.<\/p>\n","protected":false},"excerpt":{"rendered":"<p>El gobernador Ra\u00fal Jalil, junto al ministro de Educaci\u00f3n, Dalmacio Mera, visit\u00f3 esta ma\u00f1ana la Escuela N\u00b0 324 \u201cElvira Grellet<\/p>\n","protected":false},"author":1,"featured_media":14377,"comment_status":"closed","ping_status":"closed","sticky":false,"template":"","format":"standard","meta":{"footnotes":"","jetpack_publicize_message":"","jetpack_publicize_feature_enabled":true,"jetpack_social_post_already_shared":true,"jetpack_social_options":{"image_generator_settings":{"template":"highway","enabled":false},"version":2}},"categories":[3],"tags":[],"class_list":["post-14376","post","type-post","status-publish","format-standard","has-post-thumbnail","hentry","category-sociedad"],"jetpack_publicize_connections":[],"_links":{"self":[{"href":"https:\/\/diariorepublica.com.ar\/web\/index.php\/wp-json\/wp\/v2\/posts\/14376"}],"collection":[{"href":"https:\/\/diariorepublica.com.ar\/web\/index.php\/wp-json\/wp\/v2\/posts"}],"about":[{"href":"https:\/\/diariorepublica.com.ar\/web\/index.php\/wp-json\/wp\/v2\/types\/post"}],"author":[{"embeddable":true,"href":"https:\/\/diariorepublica.com.ar\/web\/index.php\/wp-json\/wp\/v2\/users\/1"}],"replies":[{"embeddable":true,"href":"https:\/\/diariorepublica.com.ar\/web\/index.php\/wp-json\/wp\/v2\/comments?post=14376"}],"version-history":[{"count":1,"href":"https:\/\/diariorepublica.com.ar\/web\/index.php\/wp-json\/wp\/v2\/posts\/14376\/revisions"}],"predecessor-version":[{"id":14378,"href":"https:\/\/diariorepublica.com.ar\/web\/index.php\/wp-json\/wp\/v2\/posts\/14376\/revisions\/14378"}],"wp:featuredmedia":[{"embeddable":true,"href":"https:\/\/diariorepublica.com.ar\/web\/index.php\/wp-json\/wp\/v2\/media\/14377"}],"wp:attachment":[{"href":"https:\/\/diariorepublica.com.ar\/web\/index.php\/wp-json\/wp\/v2\/media?parent=14376"}],"wp:term":[{"taxonomy":"category","embeddable":true,"href":"https:\/\/diariorepublica.com.ar\/web\/index.php\/wp-json\/wp\/v2\/categories?post=14376"},{"taxonomy":"post_tag","embeddable":true,"href":"https:\/\/diariorepublica.com.ar\/web\/index.php\/wp-json\/wp\/v2\/tags?post=14376"}],"curies":[{"name":"wp","href":"https:\/\/api.w.org\/{rel}","templated":true}]}}