{"id":14400,"date":"2024-05-09T05:53:00","date_gmt":"2024-05-09T08:53:00","guid":{"rendered":"https:\/\/diariorepublica.com.ar\/web\/?p=14400"},"modified":"2024-05-09T07:54:22","modified_gmt":"2024-05-09T10:54:22","slug":"fuerte-baja-de-la-industria-y-la-construccion-en-marzo","status":"publish","type":"post","link":"https:\/\/diariorepublica.com.ar\/web\/index.php\/economia\/2024\/05\/09\/fuerte-baja-de-la-industria-y-la-construccion-en-marzo\/","title":{"rendered":"Fuerte baja de la industria y la construcci\u00f3n en marzo"},"content":{"rendered":"<article id=\"article-post\" class=\"first\">\n<div class=\"cuerpo\" data-twitter-link=\"https:\/\/twitter.com\/intent\/tweet?url=https:\/\/www.diariopopular.com.ar\/c785741&amp;via=poopulardiario&amp;related=Popular&amp;text=\">\n<p>La\u00a0<strong>industria<\/strong>\u00a0cay\u00f3 21,2% interanual en marzo de 2024 y 6,3% respecto del mes previo y la<strong>\u00a0construcci\u00f3n<\/strong>\u00a0se retrajo 42,2% interanual en marzo de 2024 y 14,2% respecto de febrero, de acuerdo con los datos del\u00a0<strong>Instituto Nacional de Estad\u00edstica y Censos (Indec).<\/strong><\/p>\n<\/div>\n<\/article>\n<article id=\"article-post\">\n<div class=\"cuerpo\" data-twitter-link=\"https:\/\/twitter.com\/intent\/tweet?url=https:\/\/www.diariopopular.com.ar\/c785741&amp;via=poopulardiario&amp;related=Popular&amp;text=\">\n<p>La actividad manufacturera se desplom\u00f3 en el tercer mes del a\u00f1o un 21,2 % con respecto al mismo mes de 2023, encadenando diez meses en negativo y profundizando su derrumbe.<\/p>\n<p>Seg\u00fan el informe, en marzo las 16 ramas industriales incluidas en la medici\u00f3n presentaron ca\u00eddas interanuales, entre las que destacaron las de maquinaria y equipo (-37,9 %), productos minerales no met\u00e1lico (-35,8 %), industrias met\u00e1licas b\u00e1sicas (-34 %), veh\u00edculos automotores (-25,2 %), productos de metal (-24,6 %) y alimentos y bebidas (-14,2 %).<\/p>\n<p>En marzo, la industria continu\u00f3 operando en un escenario de elevada inflaci\u00f3n (287,9 % interanual) y ca\u00edda del consumo, que, de acuerdo con c\u00e1lculos privados, se contrajo 3,8 % interanual.<\/p>\n<p>De acuerdo con la presentaci\u00f3n oficial difundida este mi\u00e9rcoles, en el primer trimestre del a\u00f1o la actividad industrial acumul\u00f3 una ca\u00edda del 14,8 %. El a\u00f1o pasado, la industria acumul\u00f3 una ca\u00edda del 1,8 %, en contraste con la mejora del 4,2 % registrada en 2022.<\/p>\n<div id=\"702253-Libre-1786484638_wrap\" class=\"embed_cont type_imagen\" contenteditable=\"false\">\n<div id=\"702253-Libre-1786484638_content\" class=\"embed_content\"><img decoding=\"async\" id=\"702253-Libre-1786484638_embed\" title=\"\" src=\"https:\/\/media.diariopopular.com.ar\/p\/d856cf98402f941d80a3f9d4b0b7a984\/adjuntos\/143\/imagenes\/008\/145\/0008145672\/1140x0\/smart\/imagepng.png\" alt=\"\" width=\"1140\" height=\"undefined\" longdesc=\"https:\/\/media.diariopopular.com.ar\/p\/d856cf98402f941d80a3f9d4b0b7a984\/adjuntos\/143\/imagenes\/008\/145\/0008145672\/1140x0\/smart\/imagepng.png\" \/><\/div>\n<div id=\"702253-Libre-1786484638_epigrafe\" class=\"embed_epigrafe\"><\/div>\n<div id=\"702253-Libre-1786484638_copyright\" class=\"embed_copyright\"><\/div>\n<\/div>\n<h2>La construcci\u00f3n<\/h2>\n<p>Con la obra p\u00fablica parada, el sector de la\u00a0<strong>construcci\u00f3n\u00a0<\/strong>sufre el derrumbe de la actividad y la p\u00e9rdida de puestos de trabajo. El acumulado del primer trimestre de 2024 del Indicador sint\u00e9tico de la actividad de la construcci\u00f3n (ISAC) que emite el INDEC, muestra una baja de 30,3% respecto a igual per\u00edodo de 2023. En marzo el \u00edndice tuvo una variaci\u00f3n negativa de 14,2% respecto al mes anterior.<\/p>\n<p>Los datos del consumo aparente de los insumos para la construcci\u00f3n en marzo de 2024 muestran, con relaci\u00f3n a igual mes del a\u00f1o anterior, bajas de 69,2% en asfalto; 54,3% en hierro redondo y aceros para la construcci\u00f3n; 53,8% en placas de yeso; 46,6% en yeso; 46,1% en hormig\u00f3n elaborado; 43,7% en ladrillos huecos; 43,1% en cemento portland; 41,6% en mosaicos gran\u00edticos y calc\u00e1reos; 40,5% en cales; 38,2% en pisos y revestimientos cer\u00e1micos; 37,7% en art\u00edculos sanitarios de cer\u00e1mica; 32,8% en el resto de los insumos (incluye grifer\u00eda, tubos de acero sin costura y vidrio para construcci\u00f3n); y 24,0% en pinturas para construcci\u00f3n.<\/p>\n<div id=\"702254-Libre-387861321_wrap\" class=\"embed_cont type_imagen\" contenteditable=\"false\">\n<div id=\"702254-Libre-387861321_content\" class=\"embed_content\"><img decoding=\"async\" id=\"702254-Libre-387861321_embed\" title=\"\" src=\"https:\/\/media.diariopopular.com.ar\/p\/52e1e08e95590e8b00ba3bc6bd1dfc02\/adjuntos\/143\/imagenes\/008\/145\/0008145673\/1140x0\/smart\/imagepng.png\" alt=\"\" width=\"1140\" height=\"undefined\" longdesc=\"https:\/\/media.diariopopular.com.ar\/p\/52e1e08e95590e8b00ba3bc6bd1dfc02\/adjuntos\/143\/imagenes\/008\/145\/0008145673\/1140x0\/smart\/imagepng.png\" \/><\/div>\n<div id=\"702254-Libre-387861321_epigrafe\" class=\"embed_epigrafe\"><\/div>\n<div id=\"702254-Libre-387861321_copyright\" class=\"embed_copyright\"><\/div>\n<\/div>\n<p>Los puestos de trabajo registrados en la actividad de la construcci\u00f3n en el sector privado que efect\u00faan aportes y contribuciones al sistema previsional registraron una baja de 11,6% en febrero con respecto al mismo mes del a\u00f1o anterior.<\/p>\n<p>En el acumulado enero-febrero de 2024, este indicador present\u00f3 un descenso del 10,8% en relaci\u00f3n al mismo per\u00edodo del a\u00f1o anterior.<\/p>\n<p>Los resultados obtenidos por la encuesta cualitativa de la construcci\u00f3n, realizada a grandes empresas del sector, muestran expectativas desfavorables con respecto al nivel de actividad esperado para el per\u00edodo abril-junio de 2024.<\/p>\n<p>En efecto, el 53,3% de las empresas que realizan principalmente obras privadas prev\u00e9 que el nivel de actividad del sector no cambiar\u00e1 durante los pr\u00f3ximos tres meses, mientras que 39% estima que disminuir\u00e1 y 7,7% que aumentar\u00e1. Entre las empresas dedicadas fundamentalmente a la obra p\u00fablica, el 64,4% opina que el nivel de actividad disminuir\u00e1 durante el per\u00edodo abril-junio de 2024, mientras que el 29,7% cree que no cambiar\u00e1 y el 5,9% que aumentar\u00e1.<\/p>\n<\/div>\n<\/article>\n","protected":false},"excerpt":{"rendered":"<p>La\u00a0industria\u00a0cay\u00f3 21,2% interanual en marzo de 2024 y 6,3% respecto del mes previo y la\u00a0construcci\u00f3n\u00a0se retrajo 42,2% interanual en marzo<\/p>\n","protected":false},"author":1,"featured_media":14401,"comment_status":"closed","ping_status":"closed","sticky":false,"template":"","format":"standard","meta":{"footnotes":"","jetpack_publicize_message":"","jetpack_publicize_feature_enabled":true,"jetpack_social_post_already_shared":true,"jetpack_social_options":{"image_generator_settings":{"template":"highway","enabled":false},"version":2}},"categories":[5],"tags":[],"class_list":["post-14400","post","type-post","status-publish","format-standard","has-post-thumbnail","hentry","category-economia"],"jetpack_publicize_connections":[],"_links":{"self":[{"href":"https:\/\/diariorepublica.com.ar\/web\/index.php\/wp-json\/wp\/v2\/posts\/14400"}],"collection":[{"href":"https:\/\/diariorepublica.com.ar\/web\/index.php\/wp-json\/wp\/v2\/posts"}],"about":[{"href":"https:\/\/diariorepublica.com.ar\/web\/index.php\/wp-json\/wp\/v2\/types\/post"}],"author":[{"embeddable":true,"href":"https:\/\/diariorepublica.com.ar\/web\/index.php\/wp-json\/wp\/v2\/users\/1"}],"replies":[{"embeddable":true,"href":"https:\/\/diariorepublica.com.ar\/web\/index.php\/wp-json\/wp\/v2\/comments?post=14400"}],"version-history":[{"count":1,"href":"https:\/\/diariorepublica.com.ar\/web\/index.php\/wp-json\/wp\/v2\/posts\/14400\/revisions"}],"predecessor-version":[{"id":14402,"href":"https:\/\/diariorepublica.com.ar\/web\/index.php\/wp-json\/wp\/v2\/posts\/14400\/revisions\/14402"}],"wp:featuredmedia":[{"embeddable":true,"href":"https:\/\/diariorepublica.com.ar\/web\/index.php\/wp-json\/wp\/v2\/media\/14401"}],"wp:attachment":[{"href":"https:\/\/diariorepublica.com.ar\/web\/index.php\/wp-json\/wp\/v2\/media?parent=14400"}],"wp:term":[{"taxonomy":"category","embeddable":true,"href":"https:\/\/diariorepublica.com.ar\/web\/index.php\/wp-json\/wp\/v2\/categories?post=14400"},{"taxonomy":"post_tag","embeddable":true,"href":"https:\/\/diariorepublica.com.ar\/web\/index.php\/wp-json\/wp\/v2\/tags?post=14400"}],"curies":[{"name":"wp","href":"https:\/\/api.w.org\/{rel}","templated":true}]}}