{"id":14425,"date":"2024-05-09T12:04:21","date_gmt":"2024-05-09T15:04:21","guid":{"rendered":"https:\/\/diariorepublica.com.ar\/web\/?p=14425"},"modified":"2024-05-09T12:04:23","modified_gmt":"2024-05-09T15:04:23","slug":"la-ccypp-lanzo-mi-credito-catamarqueno","status":"publish","type":"post","link":"https:\/\/diariorepublica.com.ar\/web\/index.php\/politica\/2024\/05\/09\/la-ccypp-lanzo-mi-credito-catamarqueno\/","title":{"rendered":"La CCyPP lanz\u00f3 \u00abMi Cr\u00e9dito Catamarque\u00f1o\u00bb"},"content":{"rendered":"\n<p><\/p>\n\n\n<p>A partir del pr\u00f3ximo lunes 13 de Mayo, los empleados p\u00fablicos de toda la provincia podr\u00e1n inscribirse para solicitar un pr\u00e9stamo de hasta\u00a0 1.000.000 de pesos.<br \/><br \/>-Pueden inscribirse empleados p\u00fablicos, municipales, polic\u00edas en planta permanente. Docentes titulares.<br \/><br \/>-Si se solicita $1.000.000, las cuotas pueden ser de hasta 24 de $81.228, cuotas fijas con una tasa anual del 60%.<br \/><br \/>-El tr\u00e1mite es 100% online. Una vez solicitado se deber\u00e1 consultar dentro de las 24hs para saber si el cr\u00e9dito fue aprobado, denegado u observado. En caso de ser aprobado, dentro de las 72\/96hs h\u00e1biles se acreditar\u00e1 en la cuenta.<br \/><br \/>-El solicitante de ingresar a la p\u00e1gina creditos.catamarca.gob.ar (hacer click en cr\u00e9dito catamarque\u00f1o) logearse con num\u00e9ro de DNI y n\u00famero de tr\u00e1mite, y subir copia del frente y dorso del dni; \u00faltimo recibo de sueldo; certificaci\u00f3n de servicio que no tenga m\u00e1s de 30 d\u00edas; boleta de impuesto y constancia del CBU sacada del cajero autom\u00e1tico o homebanking.<br \/><br \/>\u00a0-El m\u00ednimo a solicitar es de $300.000 y se puede devolver en 24 cuotas fijas de $24.000.<br \/><br \/>-Los empleados p\u00fablicos que se encuentren pagando un pr\u00e9stamo, no podr\u00e1n sacar uno nuevo, salvo que abonen lo adeudado y dentro de 48 horas podr\u00e1 solicitar un nuevo cr\u00e9dito, (no importa si tiene un pr\u00e9stamo vigente en otra entidad).<br \/><br \/>-No hay l\u00edmite de cupo.<br \/><br \/>-El l\u00edmite de edad es de 62 a\u00f1os para hombre, 57 a\u00f1os para mujer, 54 a\u00f1os para docente, 42 a\u00f1os para polic\u00eda o hasta 22 a\u00f1os de servicio.<\/p>","protected":false},"excerpt":{"rendered":"<p>A partir del pr\u00f3ximo lunes 13 de Mayo, los empleados p\u00fablicos de toda la provincia podr\u00e1n inscribirse para solicitar un<\/p>\n","protected":false},"author":2,"featured_media":14426,"comment_status":"closed","ping_status":"closed","sticky":false,"template":"","format":"standard","meta":{"footnotes":"","jetpack_publicize_message":"","jetpack_publicize_feature_enabled":true,"jetpack_social_post_already_shared":true,"jetpack_social_options":{"image_generator_settings":{"template":"highway","enabled":false},"version":2}},"categories":[12],"tags":[],"class_list":["post-14425","post","type-post","status-publish","format-standard","has-post-thumbnail","hentry","category-politica"],"jetpack_publicize_connections":[],"_links":{"self":[{"href":"https:\/\/diariorepublica.com.ar\/web\/index.php\/wp-json\/wp\/v2\/posts\/14425"}],"collection":[{"href":"https:\/\/diariorepublica.com.ar\/web\/index.php\/wp-json\/wp\/v2\/posts"}],"about":[{"href":"https:\/\/diariorepublica.com.ar\/web\/index.php\/wp-json\/wp\/v2\/types\/post"}],"author":[{"embeddable":true,"href":"https:\/\/diariorepublica.com.ar\/web\/index.php\/wp-json\/wp\/v2\/users\/2"}],"replies":[{"embeddable":true,"href":"https:\/\/diariorepublica.com.ar\/web\/index.php\/wp-json\/wp\/v2\/comments?post=14425"}],"version-history":[{"count":1,"href":"https:\/\/diariorepublica.com.ar\/web\/index.php\/wp-json\/wp\/v2\/posts\/14425\/revisions"}],"predecessor-version":[{"id":14427,"href":"https:\/\/diariorepublica.com.ar\/web\/index.php\/wp-json\/wp\/v2\/posts\/14425\/revisions\/14427"}],"wp:featuredmedia":[{"embeddable":true,"href":"https:\/\/diariorepublica.com.ar\/web\/index.php\/wp-json\/wp\/v2\/media\/14426"}],"wp:attachment":[{"href":"https:\/\/diariorepublica.com.ar\/web\/index.php\/wp-json\/wp\/v2\/media?parent=14425"}],"wp:term":[{"taxonomy":"category","embeddable":true,"href":"https:\/\/diariorepublica.com.ar\/web\/index.php\/wp-json\/wp\/v2\/categories?post=14425"},{"taxonomy":"post_tag","embeddable":true,"href":"https:\/\/diariorepublica.com.ar\/web\/index.php\/wp-json\/wp\/v2\/tags?post=14425"}],"curies":[{"name":"wp","href":"https:\/\/api.w.org\/{rel}","templated":true}]}}