{"id":14429,"date":"2024-05-10T00:32:00","date_gmt":"2024-05-10T03:32:00","guid":{"rendered":"https:\/\/diariorepublica.com.ar\/web\/?p=14429"},"modified":"2024-05-10T07:33:57","modified_gmt":"2024-05-10T10:33:57","slug":"como-quedo-la-placa-definitiva-de-nominados-en-gran-hermano-tras-la-decision-de-zoe","status":"publish","type":"post","link":"https:\/\/diariorepublica.com.ar\/web\/index.php\/espectaculos\/2024\/05\/10\/como-quedo-la-placa-definitiva-de-nominados-en-gran-hermano-tras-la-decision-de-zoe\/","title":{"rendered":"C\u00f3mo qued\u00f3 la placa definitiva de nominados en Gran Hermano tras la decisi\u00f3n de Zoe"},"content":{"rendered":"<article class=\"article-body first\">\n<div class=\"article-content\">\n<div class=\"news-body-paragraph\">\n<p>Este jueves, en\u00a0<strong>Gran Hermano<\/strong>\u00a0(Telefe), la l\u00edder de la semana y ganadora del auto 0KM<strong>, Zoe Bogach<\/strong>, termin\u00f3 de definir la placa de nominados para la gala de eliminaci\u00f3n del pr\u00f3ximo domingo.<\/p>\n<\/div>\n<\/div>\n<\/article>\n<article class=\"article-body\">\n<div class=\"article-content\">\n<div class=\"news-body-paragraph\">\n<p>La rubia pas\u00f3 al frente y tom\u00f3 la decisi\u00f3n de subir y bajar a un jugador de placa, luego de que toda la casa recibiera saludos por parte de sus familiares y viera los castings que hicieron para entrar al reality.<\/p>\n<p><em>\u00abZoe, ten\u00e9s que hacer tu movida\u00bb<\/em>, le dijo el conductor<strong>\u00a0Santiago del Moro\u00a0<\/strong>despu\u00e9s de la medianoche.<em><strong>\u00a0\u00abBajo a Florencia (Regidor) y voy a subir a Virginia (Demo),\u00a0<\/strong>porque siento que es la m\u00e1s emp\u00e1tica y va a entender m\u00e1s que otros\u00bb,\u00a0<\/em>anunci\u00f3 Bogach.<\/p>\n<p>Por lo tanto, la nueva placa de nominados qued\u00f3 conformada por\u00a0<strong>Virginia, Juliana &#8216;Furia&#8217; Scaglione, Emmanuel Vich, Mart\u00edn Ku, Mauro D&#8217;Alessio\u00a0<\/strong>y<strong>\u00a0Dar\u00edo Mart\u00ednez Corti.<\/strong><\/p>\n<\/div>\n<\/div>\n<\/article>\n","protected":false},"excerpt":{"rendered":"<p>Este jueves, en\u00a0Gran Hermano\u00a0(Telefe), la l\u00edder de la semana y ganadora del auto 0KM, Zoe Bogach, termin\u00f3 de definir la<\/p>\n","protected":false},"author":1,"featured_media":14430,"comment_status":"closed","ping_status":"closed","sticky":false,"template":"","format":"standard","meta":{"footnotes":"","jetpack_publicize_message":"","jetpack_publicize_feature_enabled":true,"jetpack_social_post_already_shared":true,"jetpack_social_options":{"image_generator_settings":{"template":"highway","enabled":false},"version":2}},"categories":[7],"tags":[],"class_list":["post-14429","post","type-post","status-publish","format-standard","has-post-thumbnail","hentry","category-espectaculos"],"jetpack_publicize_connections":[],"_links":{"self":[{"href":"https:\/\/diariorepublica.com.ar\/web\/index.php\/wp-json\/wp\/v2\/posts\/14429"}],"collection":[{"href":"https:\/\/diariorepublica.com.ar\/web\/index.php\/wp-json\/wp\/v2\/posts"}],"about":[{"href":"https:\/\/diariorepublica.com.ar\/web\/index.php\/wp-json\/wp\/v2\/types\/post"}],"author":[{"embeddable":true,"href":"https:\/\/diariorepublica.com.ar\/web\/index.php\/wp-json\/wp\/v2\/users\/1"}],"replies":[{"embeddable":true,"href":"https:\/\/diariorepublica.com.ar\/web\/index.php\/wp-json\/wp\/v2\/comments?post=14429"}],"version-history":[{"count":1,"href":"https:\/\/diariorepublica.com.ar\/web\/index.php\/wp-json\/wp\/v2\/posts\/14429\/revisions"}],"predecessor-version":[{"id":14431,"href":"https:\/\/diariorepublica.com.ar\/web\/index.php\/wp-json\/wp\/v2\/posts\/14429\/revisions\/14431"}],"wp:featuredmedia":[{"embeddable":true,"href":"https:\/\/diariorepublica.com.ar\/web\/index.php\/wp-json\/wp\/v2\/media\/14430"}],"wp:attachment":[{"href":"https:\/\/diariorepublica.com.ar\/web\/index.php\/wp-json\/wp\/v2\/media?parent=14429"}],"wp:term":[{"taxonomy":"category","embeddable":true,"href":"https:\/\/diariorepublica.com.ar\/web\/index.php\/wp-json\/wp\/v2\/categories?post=14429"},{"taxonomy":"post_tag","embeddable":true,"href":"https:\/\/diariorepublica.com.ar\/web\/index.php\/wp-json\/wp\/v2\/tags?post=14429"}],"curies":[{"name":"wp","href":"https:\/\/api.w.org\/{rel}","templated":true}]}}