{"id":14435,"date":"2024-05-10T07:39:19","date_gmt":"2024-05-10T10:39:19","guid":{"rendered":"https:\/\/diariorepublica.com.ar\/web\/?p=14435"},"modified":"2024-05-10T07:39:20","modified_gmt":"2024-05-10T10:39:20","slug":"el-gobierno-incorporara-la-vacuna-del-dengue-de-forma-focalizada","status":"publish","type":"post","link":"https:\/\/diariorepublica.com.ar\/web\/index.php\/nacionales\/2024\/05\/10\/el-gobierno-incorporara-la-vacuna-del-dengue-de-forma-focalizada\/","title":{"rendered":"El Gobierno incorporar\u00e1 la vacuna del dengue de forma focalizada"},"content":{"rendered":"<p>El Gobierno nacional comunic\u00f3 en la presentaci\u00f3n del\u00a0plan de trabajo para el abordaje integral del dengue 2024-2025<strong>\u00a0que la vacuna se incorporar\u00e1 de forma focalizada,\u00a0<\/strong>seg\u00fan la situaci\u00f3n epidemiol\u00f3gica de cada una de las jurisdicciones.<\/p>\n<p><strong>\u201cAl momento actual seg\u00fan la situaci\u00f3n epidemiol\u00f3gica, no es una vacuna para incorporar al Calendario Nacional para todas las jurisdicciones del pa\u00eds por lo que se plantea como una estrategia focalizada\u201d<\/strong>, detalla el comunicado.<\/p>\n<p>Acerca de qu\u00e9 poblaci\u00f3n ser\u00e1 objetivo de esta estrategia, informaron:\u00a0<strong>\u201cSer\u00e1 para las personas de 15 a 39 a\u00f1os en departamentos priorizados seg\u00fan situaci\u00f3n epidemiol\u00f3gica. Se dar\u00e1 inicio por etapas con la poblaci\u00f3n de 15 a 19 a\u00f1os y se avanzar\u00e1 de manera din\u00e1mica, progresiva, y escalonada de acuerdo con la disponibilidad de vacunas y seg\u00fan las estrategias ya implementadas\u201d.<\/strong><\/p>\n<p>Desde el ministerio destacaron esta estrategia<strong>\u00a0\u201cse debe acompa\u00f1ar de una vigilancia intensificada de la seguridad de la vacuna por lo que se acuerda avanzar con los estudios econ\u00f3micos y de efectividad\u201d.<\/strong><\/p>\n<p>Sumado a la incorporaci\u00f3n de la vacuna, tambi\u00e9n se present\u00f3 el\u00a0<strong>plan de trabajo para el abordaje integral del dengue 2024-2025.\u00a0<\/strong><\/p>\n<p>En este sentido, se enfatiz\u00f3 en la importancia de\u00a0<strong>sostener las medidas de prevenci\u00f3n y control, en coordinaci\u00f3n con las provincias,<\/strong>\u00a0a trav\u00e9s de un abordaje integral, y durante todo el a\u00f1o.<\/p>\n<p>La activaci\u00f3n de este plan estuvo a cargo del ministro de Salud de la Naci\u00f3n,\u00a0<strong>Mario Russo<\/strong>, junto con la representante de OPS en Argentina,<strong>\u00a0Eva Llopis\u00a0<\/strong>y la presidenta de la Conain,\u00a0<strong>Angela Gentile.<\/strong><\/p>\n<p>\u00abComo hemos venido diciendo desde que asumimos, siempre nos vamos a apoyar en la evidencia cient\u00edfica y en los datos para tomar decisiones.\u00a0<strong>Hoy tenemos las recomendaciones de CONAIN y vamos a definir junto con las provincias la estrategia de inmunizaci\u00f3n focalizada em zonas end\u00e9micas y de alta circulaci\u00f3n<\/strong>, como una herramienta m\u00e1s dentro del Plan Integral que estamos presentando\u00bb, expres\u00f3 el Ministro Russo<\/p>\n<p>En lo que respecta a la atenci\u00f3n de los pacientes se puso en marcha la<strong>\u00a0Red de Referentes Cl\u00ednicos provinciales y la Gu\u00eda de Lineamientos<\/strong>\u00a0para la reorganizaci\u00f3n de los servicios de salud en situaciones de brotes o epidemias de dengue destinada a\u00a0<strong>garantizar la atenci\u00f3n adecuada y oportuna, reducir los tiempos de espera y el manejo de los casos de acuerdo a criterios de gravedad.\u00a0<\/strong><\/p>\n","protected":false},"excerpt":{"rendered":"<p>El Gobierno nacional comunic\u00f3 en la presentaci\u00f3n del\u00a0plan de trabajo para el abordaje integral del dengue 2024-2025\u00a0que la vacuna se<\/p>\n","protected":false},"author":1,"featured_media":14436,"comment_status":"closed","ping_status":"closed","sticky":false,"template":"","format":"standard","meta":{"footnotes":"","jetpack_publicize_message":"","jetpack_publicize_feature_enabled":true,"jetpack_social_post_already_shared":true,"jetpack_social_options":{"image_generator_settings":{"template":"highway","enabled":false},"version":2}},"categories":[4],"tags":[],"class_list":["post-14435","post","type-post","status-publish","format-standard","has-post-thumbnail","hentry","category-nacionales"],"jetpack_publicize_connections":[],"_links":{"self":[{"href":"https:\/\/diariorepublica.com.ar\/web\/index.php\/wp-json\/wp\/v2\/posts\/14435"}],"collection":[{"href":"https:\/\/diariorepublica.com.ar\/web\/index.php\/wp-json\/wp\/v2\/posts"}],"about":[{"href":"https:\/\/diariorepublica.com.ar\/web\/index.php\/wp-json\/wp\/v2\/types\/post"}],"author":[{"embeddable":true,"href":"https:\/\/diariorepublica.com.ar\/web\/index.php\/wp-json\/wp\/v2\/users\/1"}],"replies":[{"embeddable":true,"href":"https:\/\/diariorepublica.com.ar\/web\/index.php\/wp-json\/wp\/v2\/comments?post=14435"}],"version-history":[{"count":1,"href":"https:\/\/diariorepublica.com.ar\/web\/index.php\/wp-json\/wp\/v2\/posts\/14435\/revisions"}],"predecessor-version":[{"id":14437,"href":"https:\/\/diariorepublica.com.ar\/web\/index.php\/wp-json\/wp\/v2\/posts\/14435\/revisions\/14437"}],"wp:featuredmedia":[{"embeddable":true,"href":"https:\/\/diariorepublica.com.ar\/web\/index.php\/wp-json\/wp\/v2\/media\/14436"}],"wp:attachment":[{"href":"https:\/\/diariorepublica.com.ar\/web\/index.php\/wp-json\/wp\/v2\/media?parent=14435"}],"wp:term":[{"taxonomy":"category","embeddable":true,"href":"https:\/\/diariorepublica.com.ar\/web\/index.php\/wp-json\/wp\/v2\/categories?post=14435"},{"taxonomy":"post_tag","embeddable":true,"href":"https:\/\/diariorepublica.com.ar\/web\/index.php\/wp-json\/wp\/v2\/tags?post=14435"}],"curies":[{"name":"wp","href":"https:\/\/api.w.org\/{rel}","templated":true}]}}