{"id":14480,"date":"2024-05-13T07:25:45","date_gmt":"2024-05-13T10:25:45","guid":{"rendered":"https:\/\/diariorepublica.com.ar\/web\/?p=14480"},"modified":"2024-05-13T07:25:47","modified_gmt":"2024-05-13T10:25:47","slug":"ley-de-bases-el-senado-retoma-el-tratamiento-en-comision","status":"publish","type":"post","link":"https:\/\/diariorepublica.com.ar\/web\/index.php\/politica\/2024\/05\/13\/ley-de-bases-el-senado-retoma-el-tratamiento-en-comision\/","title":{"rendered":"Ley de Bases : el Senado retoma el tratamiento en comisi\u00f3n"},"content":{"rendered":"<p>El Senado de la Naci\u00f3n retomar\u00e1 este lunes el tratamiento de la ley de Bases y el paquete fiscal, luego de haber entrado en cuarto intermedio el jueves pasado. Lo har\u00e1 con la reuni\u00f3n plenaria de las comisiones de Legislaci\u00f3n General, de Presupuesto y Hacienda y de Asuntos Constitucionales.<\/p>\n<p>Los planes del oficialismo, que aspiraba a conseguir un dictamen expr\u00e9s, quedaron enterrados y\u00a0<strong>el ritmo de ambos proyectos en la C\u00e1mara alta lo impusieron los bloques dialoguistas<\/strong>, algo que -parece- haber sorprendido a propios y extra\u00f1os.<\/p>\n<p>Sin embargo, las luces de alerta siempre estuvieron ya que el Senado, en este caso, se apresta a ser\u00a0<strong>c\u00e1mara revisora<\/strong>\u00a0de las iniciativas y\u00a0<strong>fue notoria la falta de pol\u00edtica<\/strong>\u00a0con los l\u00edderes de los bloques.<\/p>\n<p>Este nuevo contexto hizo que el dictamen que le permita a La Libertad Avanza llegar al recinto sea una verdadera inc\u00f3gnita. De no extenderse m\u00e1s all\u00e1 de esta semana,\u00a0<strong>reci\u00e9n podr\u00edan desembarcar en el hemiciclo senatorial el jueves 23 de mayo<\/strong>, a solo dos d\u00edas del Pacto de Mayo convocado por el presidente Javier Milei para el 25, en la ciudad de C\u00f3rdoba.<\/p>\n<p>El jueves, a trav\u00e9s del presidente Provisional del Senado,<strong>\u00a0Bartolom\u00e9 Abdala, reconoci\u00f3 que aceptaron la nota enviada por el kirchnerismo<\/strong>\u00a0en la que pidi\u00f3 la inclusi\u00f3n de nuevos expositores sin dar detalles de qui\u00e9nes.<\/p>\n<p>La senadora Juliana Di Tullio ya hab\u00eda anticipado un d\u00eda antes, el mi\u00e9rcoles, que pedir\u00eda la visita de la\u00a0<strong>CGT, las dos CTA y la OIT<\/strong>\u00a0al plenario. Luego de la intervenci\u00f3n de Abdala, un grupo de senadores pidi\u00f3 que se ampl\u00ede el tiempo para a\u00f1adir expositores a esa lista, que ser\u00eda reducida a cinco por bloque.<\/p>\n<p>Los puntos m\u00e1s golpeados de la primera semana de la ley de Bases y el paquete fiscal, y que dejaron entrever un sinf\u00edn de modificaciones en cap\u00edtulos clave, fueron: R\u00e9gimen de Incentivos para Grandes Inversiones (RIGI), Ganancias, nuevo blanqueo de capitales, moratoria, reforma laboral.<\/p>\n<p>El calendario le jugar\u00e1 una mala pasada al oficialismo en este sentido, ya que el mi\u00e9rcoles 15 expondr\u00e1 -por primera vez- en el recinto su informe de gesti\u00f3n el jefe de Gabinete,\u00a0<strong>Nicol\u00e1s Posse<\/strong>.<\/p>\n","protected":false},"excerpt":{"rendered":"<p>El Senado de la Naci\u00f3n retomar\u00e1 este lunes el tratamiento de la ley de Bases y el paquete fiscal, luego<\/p>\n","protected":false},"author":1,"featured_media":14481,"comment_status":"closed","ping_status":"closed","sticky":false,"template":"","format":"standard","meta":{"footnotes":"","jetpack_publicize_message":"","jetpack_publicize_feature_enabled":true,"jetpack_social_post_already_shared":true,"jetpack_social_options":{"image_generator_settings":{"template":"highway","enabled":false},"version":2}},"categories":[12],"tags":[],"class_list":["post-14480","post","type-post","status-publish","format-standard","has-post-thumbnail","hentry","category-politica"],"jetpack_publicize_connections":[],"_links":{"self":[{"href":"https:\/\/diariorepublica.com.ar\/web\/index.php\/wp-json\/wp\/v2\/posts\/14480"}],"collection":[{"href":"https:\/\/diariorepublica.com.ar\/web\/index.php\/wp-json\/wp\/v2\/posts"}],"about":[{"href":"https:\/\/diariorepublica.com.ar\/web\/index.php\/wp-json\/wp\/v2\/types\/post"}],"author":[{"embeddable":true,"href":"https:\/\/diariorepublica.com.ar\/web\/index.php\/wp-json\/wp\/v2\/users\/1"}],"replies":[{"embeddable":true,"href":"https:\/\/diariorepublica.com.ar\/web\/index.php\/wp-json\/wp\/v2\/comments?post=14480"}],"version-history":[{"count":1,"href":"https:\/\/diariorepublica.com.ar\/web\/index.php\/wp-json\/wp\/v2\/posts\/14480\/revisions"}],"predecessor-version":[{"id":14482,"href":"https:\/\/diariorepublica.com.ar\/web\/index.php\/wp-json\/wp\/v2\/posts\/14480\/revisions\/14482"}],"wp:featuredmedia":[{"embeddable":true,"href":"https:\/\/diariorepublica.com.ar\/web\/index.php\/wp-json\/wp\/v2\/media\/14481"}],"wp:attachment":[{"href":"https:\/\/diariorepublica.com.ar\/web\/index.php\/wp-json\/wp\/v2\/media?parent=14480"}],"wp:term":[{"taxonomy":"category","embeddable":true,"href":"https:\/\/diariorepublica.com.ar\/web\/index.php\/wp-json\/wp\/v2\/categories?post=14480"},{"taxonomy":"post_tag","embeddable":true,"href":"https:\/\/diariorepublica.com.ar\/web\/index.php\/wp-json\/wp\/v2\/tags?post=14480"}],"curies":[{"name":"wp","href":"https:\/\/api.w.org\/{rel}","templated":true}]}}