{"id":14532,"date":"2024-05-13T11:20:52","date_gmt":"2024-05-13T14:20:52","guid":{"rendered":"https:\/\/diariorepublica.com.ar\/web\/?p=14532"},"modified":"2024-05-13T11:20:54","modified_gmt":"2024-05-13T14:20:54","slug":"renuncias-masivas-de-medicos-cirujanos-del-hospital-san-juan-bautista","status":"publish","type":"post","link":"https:\/\/diariorepublica.com.ar\/web\/index.php\/politica\/2024\/05\/13\/renuncias-masivas-de-medicos-cirujanos-del-hospital-san-juan-bautista\/","title":{"rendered":"Renuncias masivas de m\u00e9dicos cirujanos del Hospital San Juan Bautista"},"content":{"rendered":"<p>Siete m\u00e9dicos cirujanos renunciaron al Hospital San Juan Bautista esta ma\u00f1ana. Denuncian persecuci\u00f3n por parte de las autoridades, cuyo \u00faltimo cap\u00edtulo fue la intimaci\u00f3n por la protesta llevada a cabo d\u00edas antes por parte de los m\u00e9dicos, que ped\u00edan equiparaci\u00f3n salarial y que hab\u00edan sido despojados de un extra previamente acordado.<\/p>\n<p>La semana pasada, tras la cancelaci\u00f3n de cirug\u00edas programadas por los profesionales de dicha instituci\u00f3n p\u00fablica, intimaron desde el el Ministerio de Salud y el equipo directivo del Hospital Interzonal, a que los medicos retomen las actividades habituales, en caso contrario, se proceder\u00eda a realizar la notificaci\u00f3n formal de dicha intimaci\u00f3n, y se iniciar\u00eda de manera paralela las correspondientes medidas legales y administrativas para los profesionales involucrados en la decisi\u00f3n.<\/p>\n<p>El viernes pasado el m\u00e9dico Alfredo Zuliani opin\u00f3 que \u00abla salud en Catamarca est\u00e1 manejada por contadores, no por m\u00e9dicos\u00bb y que estos no eran los m\u00e1s id\u00f3neos para ocupar lugares como el Ministerio de Salud, la direcci\u00f3n del Hospital San Juan Bautista y OSEP.<\/p>\n<p>En este marco, los m\u00e9dicos aducen sentirse \u201cabatidos y cansados\u201d por la puja econ\u00f3mica.<\/p>\n<p>En el escrito dado a conocer hoy aducen falta de equiparaci\u00f3n salarial, desigualdad en la carga horaria y falta de insumos, entre otros puntos.<\/p>\n","protected":false},"excerpt":{"rendered":"<p>Siete m\u00e9dicos cirujanos renunciaron al Hospital San Juan Bautista esta ma\u00f1ana. Denuncian persecuci\u00f3n por parte de las autoridades, cuyo \u00faltimo<\/p>\n","protected":false},"author":2,"featured_media":14539,"comment_status":"closed","ping_status":"closed","sticky":false,"template":"","format":"standard","meta":{"footnotes":"","jetpack_publicize_message":"","jetpack_publicize_feature_enabled":true,"jetpack_social_post_already_shared":true,"jetpack_social_options":{"image_generator_settings":{"template":"highway","enabled":false},"version":2}},"categories":[12],"tags":[],"class_list":["post-14532","post","type-post","status-publish","format-standard","has-post-thumbnail","hentry","category-politica"],"jetpack_publicize_connections":[],"_links":{"self":[{"href":"https:\/\/diariorepublica.com.ar\/web\/index.php\/wp-json\/wp\/v2\/posts\/14532"}],"collection":[{"href":"https:\/\/diariorepublica.com.ar\/web\/index.php\/wp-json\/wp\/v2\/posts"}],"about":[{"href":"https:\/\/diariorepublica.com.ar\/web\/index.php\/wp-json\/wp\/v2\/types\/post"}],"author":[{"embeddable":true,"href":"https:\/\/diariorepublica.com.ar\/web\/index.php\/wp-json\/wp\/v2\/users\/2"}],"replies":[{"embeddable":true,"href":"https:\/\/diariorepublica.com.ar\/web\/index.php\/wp-json\/wp\/v2\/comments?post=14532"}],"version-history":[{"count":1,"href":"https:\/\/diariorepublica.com.ar\/web\/index.php\/wp-json\/wp\/v2\/posts\/14532\/revisions"}],"predecessor-version":[{"id":14540,"href":"https:\/\/diariorepublica.com.ar\/web\/index.php\/wp-json\/wp\/v2\/posts\/14532\/revisions\/14540"}],"wp:featuredmedia":[{"embeddable":true,"href":"https:\/\/diariorepublica.com.ar\/web\/index.php\/wp-json\/wp\/v2\/media\/14539"}],"wp:attachment":[{"href":"https:\/\/diariorepublica.com.ar\/web\/index.php\/wp-json\/wp\/v2\/media?parent=14532"}],"wp:term":[{"taxonomy":"category","embeddable":true,"href":"https:\/\/diariorepublica.com.ar\/web\/index.php\/wp-json\/wp\/v2\/categories?post=14532"},{"taxonomy":"post_tag","embeddable":true,"href":"https:\/\/diariorepublica.com.ar\/web\/index.php\/wp-json\/wp\/v2\/tags?post=14532"}],"curies":[{"name":"wp","href":"https:\/\/api.w.org\/{rel}","templated":true}]}}