{"id":14536,"date":"2024-05-13T10:54:58","date_gmt":"2024-05-13T13:54:58","guid":{"rendered":"https:\/\/diariorepublica.com.ar\/web\/?p=14536"},"modified":"2024-05-13T10:54:59","modified_gmt":"2024-05-13T13:54:59","slug":"argentina-aprobo-la-octava-revision-del-fmi-y-recibira-us800-millones","status":"publish","type":"post","link":"https:\/\/diariorepublica.com.ar\/web\/index.php\/economia\/2024\/05\/13\/argentina-aprobo-la-octava-revision-del-fmi-y-recibira-us800-millones\/","title":{"rendered":"Argentina aprob\u00f3 la octava revisi\u00f3n del FMI y recibir\u00e1 u$s800 millones"},"content":{"rendered":"<article class=\"article-body article-body--first-paragraph content-protected-false\" data-td-script-src=\"https:\/\/www.ambito.com\/td\/modulos\/encuestas\/js\/function-embeds-min-version-1715054876.js\">El Fondo Monetario Internacional (FMI) confirm\u00f3 que la Argentina aprob\u00f3 la octava revisi\u00f3n del acuerdo, por lo que ahora se despeja el desembolso de u$s800 millones en junio.<\/p>\n<\/article>\n<article class=\"article-body article-body--second-paragraph content-protected-false\">El secretario de Finanzas, Pablo Quirno, y el vicepresidente del Banco Central, Vladimir Werning, mantuvieron reuniones con los t\u00e9cnicos del FMI para ajustar los detalles de toda la informaci\u00f3n que se sumar\u00e1 al Staff Level Agreement.<\/p>\n<article class=\"article-body article-body--third-paragraph content-protected-false\">La Argentina cumpli\u00f3 las metas de reducci\u00f3n del d\u00e9ficit fiscal y de compra de reservas del Banco Central. Por esa raz\u00f3n, no fue necesario solicitar un waiver (perd\u00f3n) destinado a obtener el desembolso de junio.<\/p>\n<\/article>\n<article class=\"article-body article-body--fourth-paragraph content-protected-false\">La octava revisi\u00f3n t\u00e9cnica del programa confirm\u00f3 que el super\u00e1vit primario fue cuatro veces m\u00e1s alto que lo previsto cuando se acord\u00f3 el cr\u00e9dito de Facilidades Extendidas.<\/p>\n<\/article>\n<article class=\"article-body article-body--remaining-paragraph content-protected-false\">Tambi\u00e9n que las reservas del Banco Central acumularon m\u00e1s de u$s2.000 millones de d\u00f3lares que lo estipulado y que la emisi\u00f3n monetaria estuvo en los l\u00edmites fijados.<\/p>\n<p>El cumplimiento de las metas y la ausencia de un waiver para obtener el desembolso de 792 millones de d\u00f3lares abre una nueva etapa en la relaci\u00f3n que mantiene el gobierno de Milei con Georgieva y su staff.<\/p>\n<p>El presidente Javier Milei pretende un desembolso extra para fortalecer las reservas del Banco Central y abrir el cepo, pero hasta ahora todo indica que eso no ocurrir\u00e1.<\/p>\n<p>En el inicio de la semana, el Gobierno le pag\u00f3 al Fondo aproximadamente 800 millones de d\u00f3lares y las reservas del Banco Central cayeron en 687 millones de la misma moneda. Esto se sum\u00f3 al pago de la semana pasada por otros 1.900 millones de d\u00f3lares.<\/p>\n<p>ambito.com<\/p>\n<\/article>\n<\/article>\n","protected":false},"excerpt":{"rendered":"<p>El Fondo Monetario Internacional (FMI) confirm\u00f3 que la Argentina aprob\u00f3 la octava revisi\u00f3n del acuerdo, por lo que ahora se<\/p>\n","protected":false},"author":1,"featured_media":14537,"comment_status":"closed","ping_status":"closed","sticky":false,"template":"","format":"standard","meta":{"footnotes":"","jetpack_publicize_message":"","jetpack_publicize_feature_enabled":true,"jetpack_social_post_already_shared":true,"jetpack_social_options":{"image_generator_settings":{"template":"highway","enabled":false},"version":2}},"categories":[5],"tags":[],"class_list":["post-14536","post","type-post","status-publish","format-standard","has-post-thumbnail","hentry","category-economia"],"jetpack_publicize_connections":[],"_links":{"self":[{"href":"https:\/\/diariorepublica.com.ar\/web\/index.php\/wp-json\/wp\/v2\/posts\/14536"}],"collection":[{"href":"https:\/\/diariorepublica.com.ar\/web\/index.php\/wp-json\/wp\/v2\/posts"}],"about":[{"href":"https:\/\/diariorepublica.com.ar\/web\/index.php\/wp-json\/wp\/v2\/types\/post"}],"author":[{"embeddable":true,"href":"https:\/\/diariorepublica.com.ar\/web\/index.php\/wp-json\/wp\/v2\/users\/1"}],"replies":[{"embeddable":true,"href":"https:\/\/diariorepublica.com.ar\/web\/index.php\/wp-json\/wp\/v2\/comments?post=14536"}],"version-history":[{"count":1,"href":"https:\/\/diariorepublica.com.ar\/web\/index.php\/wp-json\/wp\/v2\/posts\/14536\/revisions"}],"predecessor-version":[{"id":14538,"href":"https:\/\/diariorepublica.com.ar\/web\/index.php\/wp-json\/wp\/v2\/posts\/14536\/revisions\/14538"}],"wp:featuredmedia":[{"embeddable":true,"href":"https:\/\/diariorepublica.com.ar\/web\/index.php\/wp-json\/wp\/v2\/media\/14537"}],"wp:attachment":[{"href":"https:\/\/diariorepublica.com.ar\/web\/index.php\/wp-json\/wp\/v2\/media?parent=14536"}],"wp:term":[{"taxonomy":"category","embeddable":true,"href":"https:\/\/diariorepublica.com.ar\/web\/index.php\/wp-json\/wp\/v2\/categories?post=14536"},{"taxonomy":"post_tag","embeddable":true,"href":"https:\/\/diariorepublica.com.ar\/web\/index.php\/wp-json\/wp\/v2\/tags?post=14536"}],"curies":[{"name":"wp","href":"https:\/\/api.w.org\/{rel}","templated":true}]}}