{"id":14555,"date":"2024-05-14T07:54:49","date_gmt":"2024-05-14T10:54:49","guid":{"rendered":"https:\/\/diariorepublica.com.ar\/web\/?p=14555"},"modified":"2024-05-14T07:54:53","modified_gmt":"2024-05-14T10:54:53","slug":"chiquito-romero-renovara-con-boca-hasta-2025","status":"publish","type":"post","link":"https:\/\/diariorepublica.com.ar\/web\/index.php\/deportes\/2024\/05\/14\/chiquito-romero-renovara-con-boca-hasta-2025\/","title":{"rendered":"Chiquito Romero renovar\u00e1 con Boca hasta 2025"},"content":{"rendered":"<p class=\"capital\"><b>Romero&nbsp;<\/b>lleg\u00f3 a&nbsp;<b>Boca<\/b>&nbsp;all\u00e1 por el 2022, en silencio: despu\u00e9s de un paso por Venezia, Italia, y luego de unos malos entendidos en&nbsp;<b>Racing<\/b>, el club que lo vio dar sus primeros pasos como arquero y donde pas\u00f3 gran parte de la recuperaci\u00f3n de una de sus rodillas antes de arribar al Xeneize. Se puso en forma f\u00edsicamente y&nbsp;<b>apenas algunos partidos en la espalda le alcanzaron para volverse una de las piezas indispensables del equipo<\/b>. De hecho, su actuaci\u00f3n en la<b>&nbsp;Copa Libertadores de 2023<\/b>&nbsp;<b>siendo determinante en todas las series por penales del club de La Ribera fueron la frutilla del postre que hizo que su figura se agigante<\/b>; y entender que quien supo estar en los niveles m\u00e1s altos en la Selecci\u00f3n Argentina en el Mundial 2014, estaba de nuevo.<\/p>\n<p>Los hinchas lo ped\u00edan, los dirigentes lo sab\u00edan: el nacido en Bernardo de Irigoyen ten\u00eda que firmar cuanto antes en Boca. Hasta que el mediod\u00eda de este lunes,&nbsp;<b>despu\u00e9s de haber perdido en la primera fecha de la Liga Profesional ante Atl\u00e9tico Tucum\u00e1n<\/b>, esa noticia se hizo realidad:&nbsp;<b>Chiquito Romero tiene todo acordado para continuar en la instituci\u00f3n hasta diciembre de 2025.&nbsp;<\/b><\/p>\n<p>Dentro de los seis jugadores de Boca que finalizan su v\u00ednculo en diciembre, Sergio Romero era una de las prioridades del club y, si bien ten\u00eda el contrato para renovar sobre la mesa, despu\u00e9s de unos d\u00edas el arquero finalmente tom\u00f3 la decisi\u00f3n de continuar vistiendo la azul y oro. En un di\u00e1logo con Desde La Boca, la revista oficial del Xeneize, Romero anticip\u00f3 su futuro:&nbsp;<i>\u00ab<b>La verdad es que no lo descarto. Ac\u00e1 hay cosas que est\u00e1n muy bien y no s\u00e9 si las valoramos lo suficiente. Por ejemplo, en el tema de la salud: la atenci\u00f3n y el trato de los m\u00e9dicos son dif\u00edciles de ver en otros lados\u00bb.<\/b><\/i><\/p>\n<p>En la misma linea, Chiquito record\u00f3 su llegada a la instituci\u00f3n y destac\u00f3:<i>&nbsp;\u201c<\/i><i><b>Llegu\u00e9 en plena recuperaci\u00f3n de una lesi\u00f3n y me trataron de maravillas, sin apurarme, respetando mis tiempos.<\/b>&nbsp;El Dr. Jorge Batista es un fen\u00f3meno. Antes del Mundial 2018 tuve que operarme y lo hice en el exterior. Me equivoqu\u00e9: tendr\u00eda que haberlo hecho ac\u00e1\u00bb.&nbsp;<\/i>Y sentenci\u00f3:<i>&nbsp;<\/i>\u00ab<i><b>Ac\u00e1 llevo m\u00e1s de 60 partidos en poco m\u00e1s de 15 meses. Creo no haber jugado esa cantidad en los cinco a\u00f1os anteriores. Y lo disfruto\u00bb.<\/b><\/i><\/p>\n<p>tycsports.com<\/p>\n","protected":false},"excerpt":{"rendered":"<p>Romero&nbsp;lleg\u00f3 a&nbsp;Boca&nbsp;all\u00e1 por el 2022, en silencio: despu\u00e9s de un paso por Venezia, Italia, y luego de unos malos entendidos<\/p>\n","protected":false},"author":1,"featured_media":14557,"comment_status":"closed","ping_status":"closed","sticky":false,"template":"","format":"standard","meta":{"footnotes":"","jetpack_publicize_message":"","jetpack_publicize_feature_enabled":true,"jetpack_social_post_already_shared":true,"jetpack_social_options":{"image_generator_settings":{"template":"highway","enabled":false},"version":2}},"categories":[9],"tags":[],"class_list":["post-14555","post","type-post","status-publish","format-standard","has-post-thumbnail","hentry","category-deportes"],"jetpack_publicize_connections":[],"_links":{"self":[{"href":"https:\/\/diariorepublica.com.ar\/web\/index.php\/wp-json\/wp\/v2\/posts\/14555"}],"collection":[{"href":"https:\/\/diariorepublica.com.ar\/web\/index.php\/wp-json\/wp\/v2\/posts"}],"about":[{"href":"https:\/\/diariorepublica.com.ar\/web\/index.php\/wp-json\/wp\/v2\/types\/post"}],"author":[{"embeddable":true,"href":"https:\/\/diariorepublica.com.ar\/web\/index.php\/wp-json\/wp\/v2\/users\/1"}],"replies":[{"embeddable":true,"href":"https:\/\/diariorepublica.com.ar\/web\/index.php\/wp-json\/wp\/v2\/comments?post=14555"}],"version-history":[{"count":2,"href":"https:\/\/diariorepublica.com.ar\/web\/index.php\/wp-json\/wp\/v2\/posts\/14555\/revisions"}],"predecessor-version":[{"id":14558,"href":"https:\/\/diariorepublica.com.ar\/web\/index.php\/wp-json\/wp\/v2\/posts\/14555\/revisions\/14558"}],"wp:featuredmedia":[{"embeddable":true,"href":"https:\/\/diariorepublica.com.ar\/web\/index.php\/wp-json\/wp\/v2\/media\/14557"}],"wp:attachment":[{"href":"https:\/\/diariorepublica.com.ar\/web\/index.php\/wp-json\/wp\/v2\/media?parent=14555"}],"wp:term":[{"taxonomy":"category","embeddable":true,"href":"https:\/\/diariorepublica.com.ar\/web\/index.php\/wp-json\/wp\/v2\/categories?post=14555"},{"taxonomy":"post_tag","embeddable":true,"href":"https:\/\/diariorepublica.com.ar\/web\/index.php\/wp-json\/wp\/v2\/tags?post=14555"}],"curies":[{"name":"wp","href":"https:\/\/api.w.org\/{rel}","templated":true}]}}