{"id":14580,"date":"2024-05-14T09:02:54","date_gmt":"2024-05-14T12:02:54","guid":{"rendered":"https:\/\/diariorepublica.com.ar\/web\/?p=14580"},"modified":"2024-05-14T09:02:57","modified_gmt":"2024-05-14T12:02:57","slug":"reprograman-cirugias-y-citan-a-profesionales","status":"publish","type":"post","link":"https:\/\/diariorepublica.com.ar\/web\/index.php\/sociedad\/2024\/05\/14\/reprograman-cirugias-y-citan-a-profesionales\/","title":{"rendered":"<strong>Reprograman cirug\u00edas y citan a profesionales<\/strong>"},"content":{"rendered":"<p>El Ministerio de Salud inform\u00f3 que reprogramar\u00e1n las cirug\u00edas pendientes y convocar\u00e1n a los profesionales del Servicio de Cirug\u00eda del HSJB que renunciaron en forma masiva para que \u00abratifiquen o rectifiquen su decisi\u00f3n de manera individual\u00bb. Adem\u00e1s, minimizaron el reclamo de los cirujanos al se\u00f1alar que las cuestiones salariales no se incumplen y no hay falta de insumos.<\/p>\n<p>\u00abEl Ministerio de Trabajo act\u00faa conforme a la normativa salarial vigente, aclarando que los m\u00e9dicos cirujanos no est\u00e1n incluidos dentro del decreto de Especialidad Cr\u00edtica 1992\/22 (Mod. 2612\/19)\u00bb, se\u00f1alaron. Adem\u00e1s, aseguraron que \u00abla carga horaria de todos los servicios de cirug\u00eda depende del Departamento Quir\u00fargico y est\u00e1 reglamentada por el contrato de planta firmado por cada profesional\u00bb.<\/p>\n<p>\u00abEl Ministerio de Salud ratifica el memor\u00e1ndum del 9 de mayo en el que intima a restablecer las prestaciones de servicio, para evitar vulnerar los derechos constitucionales de los catamarque\u00f1os que permiten el acceso a la salud p\u00fablica\u00bb, sostuvieron.<\/p>\n<p>Por \u00faltimo, remarcaron que el San Juan Bautista \u00abcuenta con los insumos quir\u00fargicos necesarios para las cirug\u00edas programadas, y hasta el momento de la medida se realizaban con total normalidad\u00bb.<\/p>\n","protected":false},"excerpt":{"rendered":"<p>El Ministerio de Salud inform\u00f3 que reprogramar\u00e1n las cirug\u00edas pendientes y convocar\u00e1n a los profesionales del Servicio de Cirug\u00eda del<\/p>\n","protected":false},"author":2,"featured_media":14581,"comment_status":"closed","ping_status":"closed","sticky":false,"template":"","format":"standard","meta":{"footnotes":"","jetpack_publicize_message":"","jetpack_publicize_feature_enabled":true,"jetpack_social_post_already_shared":true,"jetpack_social_options":{"image_generator_settings":{"template":"highway","enabled":false},"version":2}},"categories":[3],"tags":[],"class_list":["post-14580","post","type-post","status-publish","format-standard","has-post-thumbnail","hentry","category-sociedad"],"jetpack_publicize_connections":[],"_links":{"self":[{"href":"https:\/\/diariorepublica.com.ar\/web\/index.php\/wp-json\/wp\/v2\/posts\/14580"}],"collection":[{"href":"https:\/\/diariorepublica.com.ar\/web\/index.php\/wp-json\/wp\/v2\/posts"}],"about":[{"href":"https:\/\/diariorepublica.com.ar\/web\/index.php\/wp-json\/wp\/v2\/types\/post"}],"author":[{"embeddable":true,"href":"https:\/\/diariorepublica.com.ar\/web\/index.php\/wp-json\/wp\/v2\/users\/2"}],"replies":[{"embeddable":true,"href":"https:\/\/diariorepublica.com.ar\/web\/index.php\/wp-json\/wp\/v2\/comments?post=14580"}],"version-history":[{"count":1,"href":"https:\/\/diariorepublica.com.ar\/web\/index.php\/wp-json\/wp\/v2\/posts\/14580\/revisions"}],"predecessor-version":[{"id":14582,"href":"https:\/\/diariorepublica.com.ar\/web\/index.php\/wp-json\/wp\/v2\/posts\/14580\/revisions\/14582"}],"wp:featuredmedia":[{"embeddable":true,"href":"https:\/\/diariorepublica.com.ar\/web\/index.php\/wp-json\/wp\/v2\/media\/14581"}],"wp:attachment":[{"href":"https:\/\/diariorepublica.com.ar\/web\/index.php\/wp-json\/wp\/v2\/media?parent=14580"}],"wp:term":[{"taxonomy":"category","embeddable":true,"href":"https:\/\/diariorepublica.com.ar\/web\/index.php\/wp-json\/wp\/v2\/categories?post=14580"},{"taxonomy":"post_tag","embeddable":true,"href":"https:\/\/diariorepublica.com.ar\/web\/index.php\/wp-json\/wp\/v2\/tags?post=14580"}],"curies":[{"name":"wp","href":"https:\/\/api.w.org\/{rel}","templated":true}]}}