{"id":14608,"date":"2024-05-15T00:02:00","date_gmt":"2024-05-15T03:02:00","guid":{"rendered":"https:\/\/diariorepublica.com.ar\/web\/?p=14608"},"modified":"2024-05-15T07:59:24","modified_gmt":"2024-05-15T10:59:24","slug":"la-inflacion-de-abril-fue-del-88-segun-el-indec","status":"publish","type":"post","link":"https:\/\/diariorepublica.com.ar\/web\/index.php\/economia\/2024\/05\/15\/la-inflacion-de-abril-fue-del-88-segun-el-indec\/","title":{"rendered":"La inflaci\u00f3n de abril fue del 8,8%, seg\u00fan el INDEC"},"content":{"rendered":"<p>La\u00a0<strong>inflaci\u00f3n<\/strong>\u00a0perfor\u00f3 los dos d\u00edgitos en abril por primera vez en seis meses:\u00a0<strong>se desaceler\u00f3 al 8,8% y en un a\u00f1o acumul\u00f3 289,4%,<\/strong>\u00a0seg\u00fan inform\u00f3 este martes el<strong>\u00a0Instituto Nacional de Estad\u00edstica y Censos (INDEC).\u00a0<\/strong>De esta forma,\u00a0<strong>encaden\u00f3 su cuarto mes consecutivo con tendencia declinante, para tocar el dato m\u00e1s bajo desde octubre pasado en t\u00e9rminos mensuales.\u00a0<\/strong>Fue una cifra\u00a0<strong>celebrada como \u00abuna goleada\u00bb por el presidente Javier Milei,<\/strong>\u00a0aunque economistas alertan que responde a la ca\u00edda del consumo.<\/p>\n<article class=\"article-body article-body--third-paragraph content-protected-false\">El ente oficial de estad\u00edsticas agreg\u00f3 que el IPC\u00a0<strong>en los primeros cuatro meses del 2024 alcanz\u00f3 un 65%.<\/strong><\/p>\n<\/article>\n<article class=\"article-body article-body--fourth-paragraph content-protected-false\"><\/article>\n<article class=\"article-body article-body--remaining-paragraph content-protected-false\">La inflaci\u00f3n fue del\u00a0<strong>25,5% en diciembre,<\/strong>\u00a0y desde ese momento la variaci\u00f3n registra un sesgo bajista a 20,6%, 13,2% y 11% en enero, febrero y marzo, respectivamente.<\/p>\n<p><strong>El dato oficial mensual fue levemente mejor a lo esperado por analistas\u00a0<\/strong>que pronosticaban una mediana con alza del<strong>\u00a09%, seg\u00fan el REM del BCRA.<\/strong><\/p>\n<p>En lo que respecta a los componentes, la inflaci\u00f3n estuvo impulsada por el\u00a0<strong>sector de vivienda, electricidad, gas y otros combustibles (+35,6%), por los incrementos en las tarifas de gas, agua y electricidad<\/strong>. Le sigui\u00f3 comunicaci\u00f3n con una suba de 14,2%, por incrementos en\u00a0<strong>servicios de telefon\u00eda e internet,\u00a0<\/strong>y\u00a0<strong>Prendas de vestir y calzado<\/strong>\u00a0(9,6%), por cambios de temporada. Por \u00faltimo, por encima del \u00edndice general qued\u00f3\u00a0<strong>Salud (9,1%),<\/strong>\u00a0con el conflicto en medio de las prepagas.<\/p>\n<p><strong>\u00abLos datos oficiales computaron un alza de prepagas cercana al 17%. Esto sugiere que el INDEC reci\u00e9n recoger\u00e1 la baja de este rubro debida a la medida cautelar en el mes de mayo, lo que favorecer\u00e1 una menor inflaci\u00f3n en ese mes, aunque no queda claro el impacto final que ello tendr\u00e1\u00bb,<\/strong>\u00a0coment\u00f3 el economista Camilo Tiscornia, director de C&amp;T Asesores Econ\u00f3micos.<\/p>\n<p><strong>Alimentos y bebidas no alcoh\u00f3licas,\u00a0<\/strong>el rubro de mayor ponderaci\u00f3n,\u00a0<strong>aument\u00f3 6% mensual, el menor ritmo desde julio del a\u00f1o pasado.<\/strong><\/p>\n<p>Los sectores que presentaron las subas m\u00e1s moderadas fueron\u00a0<strong>bebidas alcoh\u00f3licas &amp; tabaco (5,5%) y bienes &amp; servicios varios (5,7%).<\/strong><\/p>\n<p>Geogr\u00e1ficamente, la inflaci\u00f3n fue m\u00e1s alta en GBA (9,2%) y el noroeste (9,1%), mientras que en el noreste y cuyo fue de 6,3% y 8,1%, respectivamente, por debajo del \u00edndice a nivel nacional.<\/p>\n<p><strong>La inflaci\u00f3n n\u00facleo,\u00a0<\/strong>que excluye los componentes regulados y estacionales del \u00edndice<strong>, fue de 6,3% (292,2% anual), el dato m\u00e1s bajo desde enero de 2023.<\/strong><\/p>\n<p>En tanto,<strong>\u00a0los productos estacionales y regulados subieron 9,9% (213,5% anual) y 18,4% (344.1% anual),\u00a0<\/strong>respectivamente, report\u00f3 un informe de\u00a0<strong>Balanz<\/strong>, en base a datos del INDEC.<\/p>\n<p><strong>\u00abLa inflaci\u00f3n de servicios (regulados) podr\u00eda seguir siendo persistentemente alta durante alg\u00fan tiempo. Por un lado, los precios de los servicios p\u00fablicos seguir\u00e1n necesitando una correcci\u00f3n significativa. Por otro lado, todas las actividades intensivas en mano de obra ver\u00e1n aumentos en los salarios, lo que afectar\u00e1 sus costos\u00bb<\/strong>, advirtieron desde Puente.<\/p>\n<\/article>\n","protected":false},"excerpt":{"rendered":"<p>La\u00a0inflaci\u00f3n\u00a0perfor\u00f3 los dos d\u00edgitos en abril por primera vez en seis meses:\u00a0se desaceler\u00f3 al 8,8% y en un a\u00f1o acumul\u00f3<\/p>\n","protected":false},"author":1,"featured_media":14609,"comment_status":"closed","ping_status":"closed","sticky":false,"template":"","format":"standard","meta":{"footnotes":"","jetpack_publicize_message":"","jetpack_publicize_feature_enabled":true,"jetpack_social_post_already_shared":true,"jetpack_social_options":{"image_generator_settings":{"template":"highway","enabled":false},"version":2}},"categories":[5],"tags":[],"class_list":["post-14608","post","type-post","status-publish","format-standard","has-post-thumbnail","hentry","category-economia"],"jetpack_publicize_connections":[],"_links":{"self":[{"href":"https:\/\/diariorepublica.com.ar\/web\/index.php\/wp-json\/wp\/v2\/posts\/14608"}],"collection":[{"href":"https:\/\/diariorepublica.com.ar\/web\/index.php\/wp-json\/wp\/v2\/posts"}],"about":[{"href":"https:\/\/diariorepublica.com.ar\/web\/index.php\/wp-json\/wp\/v2\/types\/post"}],"author":[{"embeddable":true,"href":"https:\/\/diariorepublica.com.ar\/web\/index.php\/wp-json\/wp\/v2\/users\/1"}],"replies":[{"embeddable":true,"href":"https:\/\/diariorepublica.com.ar\/web\/index.php\/wp-json\/wp\/v2\/comments?post=14608"}],"version-history":[{"count":1,"href":"https:\/\/diariorepublica.com.ar\/web\/index.php\/wp-json\/wp\/v2\/posts\/14608\/revisions"}],"predecessor-version":[{"id":14610,"href":"https:\/\/diariorepublica.com.ar\/web\/index.php\/wp-json\/wp\/v2\/posts\/14608\/revisions\/14610"}],"wp:featuredmedia":[{"embeddable":true,"href":"https:\/\/diariorepublica.com.ar\/web\/index.php\/wp-json\/wp\/v2\/media\/14609"}],"wp:attachment":[{"href":"https:\/\/diariorepublica.com.ar\/web\/index.php\/wp-json\/wp\/v2\/media?parent=14608"}],"wp:term":[{"taxonomy":"category","embeddable":true,"href":"https:\/\/diariorepublica.com.ar\/web\/index.php\/wp-json\/wp\/v2\/categories?post=14608"},{"taxonomy":"post_tag","embeddable":true,"href":"https:\/\/diariorepublica.com.ar\/web\/index.php\/wp-json\/wp\/v2\/tags?post=14608"}],"curies":[{"name":"wp","href":"https:\/\/api.w.org\/{rel}","templated":true}]}}