{"id":14623,"date":"2024-05-15T14:43:00","date_gmt":"2024-05-15T17:43:00","guid":{"rendered":"https:\/\/diariorepublica.com.ar\/web\/?p=14623"},"modified":"2024-05-15T10:42:00","modified_gmt":"2024-05-15T13:42:00","slug":"el-ente-regulador-brinda-capacitacion-en-andalgala","status":"publish","type":"post","link":"https:\/\/diariorepublica.com.ar\/web\/index.php\/sociedad\/2024\/05\/15\/el-ente-regulador-brinda-capacitacion-en-andalgala\/","title":{"rendered":"El Ente Regulador brinda capacitaci\u00f3n en Andalgal\u00e1"},"content":{"rendered":"<p>El Ente Regulador de Servicios P\u00fablicos de Catamarca, en conjunto con la Secretaria de Asuntos Institucionales de la Municipalidad de Andalgal\u00e1, brindar\u00e1 una capacitaci\u00f3n este jueves 16 y viernes 17 de mayo sobre \u201cSeguridad el\u00e9ctrica, normativas el\u00e9ctricas y alumbrado p\u00fablico\u201d.<\/p>\n<p>La misma se concretar\u00e1 en el punto digital CIP Huachaschi de la ciudad de Andalgal\u00e1.<\/p>\n<p>El jueves de 17 a 20 horas la capacitaci\u00f3n estar\u00e1 destinada a personal de la Direcci\u00f3n de Servicios El\u00e9ctricos de la Municipalidad de Andalgal\u00e1, mientras que el viernes de 9 a 12 horas ser\u00e1 para alumnos de la EPET N\u00b04 y electricistas particulares.<\/p>\n","protected":false},"excerpt":{"rendered":"<p>El Ente Regulador de Servicios P\u00fablicos de Catamarca, en conjunto con la Secretaria de Asuntos Institucionales de la Municipalidad de<\/p>\n","protected":false},"author":1,"featured_media":14624,"comment_status":"closed","ping_status":"closed","sticky":false,"template":"","format":"standard","meta":{"footnotes":"","jetpack_publicize_message":"","jetpack_publicize_feature_enabled":true,"jetpack_social_post_already_shared":true,"jetpack_social_options":{"image_generator_settings":{"template":"highway","enabled":false},"version":2}},"categories":[3],"tags":[],"class_list":["post-14623","post","type-post","status-publish","format-standard","has-post-thumbnail","hentry","category-sociedad"],"jetpack_publicize_connections":[],"_links":{"self":[{"href":"https:\/\/diariorepublica.com.ar\/web\/index.php\/wp-json\/wp\/v2\/posts\/14623"}],"collection":[{"href":"https:\/\/diariorepublica.com.ar\/web\/index.php\/wp-json\/wp\/v2\/posts"}],"about":[{"href":"https:\/\/diariorepublica.com.ar\/web\/index.php\/wp-json\/wp\/v2\/types\/post"}],"author":[{"embeddable":true,"href":"https:\/\/diariorepublica.com.ar\/web\/index.php\/wp-json\/wp\/v2\/users\/1"}],"replies":[{"embeddable":true,"href":"https:\/\/diariorepublica.com.ar\/web\/index.php\/wp-json\/wp\/v2\/comments?post=14623"}],"version-history":[{"count":1,"href":"https:\/\/diariorepublica.com.ar\/web\/index.php\/wp-json\/wp\/v2\/posts\/14623\/revisions"}],"predecessor-version":[{"id":14625,"href":"https:\/\/diariorepublica.com.ar\/web\/index.php\/wp-json\/wp\/v2\/posts\/14623\/revisions\/14625"}],"wp:featuredmedia":[{"embeddable":true,"href":"https:\/\/diariorepublica.com.ar\/web\/index.php\/wp-json\/wp\/v2\/media\/14624"}],"wp:attachment":[{"href":"https:\/\/diariorepublica.com.ar\/web\/index.php\/wp-json\/wp\/v2\/media?parent=14623"}],"wp:term":[{"taxonomy":"category","embeddable":true,"href":"https:\/\/diariorepublica.com.ar\/web\/index.php\/wp-json\/wp\/v2\/categories?post=14623"},{"taxonomy":"post_tag","embeddable":true,"href":"https:\/\/diariorepublica.com.ar\/web\/index.php\/wp-json\/wp\/v2\/tags?post=14623"}],"curies":[{"name":"wp","href":"https:\/\/api.w.org\/{rel}","templated":true}]}}