{"id":14658,"date":"2024-05-16T07:54:54","date_gmt":"2024-05-16T10:54:54","guid":{"rendered":"https:\/\/diariorepublica.com.ar\/web\/?p=14658"},"modified":"2024-05-16T07:54:56","modified_gmt":"2024-05-16T10:54:56","slug":"confirman-la-muerte-de-un-joven-argentino-que-formaba-parte-de-las-fuerzas-de-defensa-de-israel","status":"publish","type":"post","link":"https:\/\/diariorepublica.com.ar\/web\/index.php\/nacionales\/2024\/05\/16\/confirman-la-muerte-de-un-joven-argentino-que-formaba-parte-de-las-fuerzas-de-defensa-de-israel\/","title":{"rendered":"Confirman la muerte de un joven argentino que formaba parte de las Fuerzas de Defensa de Israel"},"content":{"rendered":"<article class=\"article-body article-body--first-paragraph content-protected-false\" data-td-script-src=\"https:\/\/www.ambito.com\/td\/modulos\/encuestas\/js\/function-embeds-min-version-1715832476.js\">El rabino de AMIA,\u00a0<strong>Eliahu Hamra,\u00a0<\/strong>anunci\u00f3 este mi\u00e9rcoles en su cuenta de X la noticia del fallecimiento de otro ciudadano argentino en el marco del conflicto entre Israel y Ham\u00e1s en Medio Oriente.<\/p>\n<\/article>\n<article class=\"article-body article-body--second-paragraph content-protected-false\">Seg\u00fan inform\u00f3, el joven\u00a0<strong>Il\u00e1n Cohen\u00a0<\/strong>formaba parte de las Fuerzas de Defensa de Israel y falleci\u00f3 combatiendo al norte de la Franja de Gaza. \u00abAbrazamos a su familia y seres queridos en este momento de tanto dolor, y rezamos por la elevaci\u00f3n de su alma\u00bb, agreg\u00f3, junto a una foto del joven sonriente, vestido con su uniforme del ej\u00e9rcito israel\u00ed.<\/p>\n<div id=\"embed51_wrap\" class=\"embed_cont type_freetext\" contenteditable=\"false\" data-provider=\"Twitter\">\n<div id=\"embed51_content\" class=\"embed_content\">\n<div id=\"embed51_embed\">\n<div class=\"twitter-tweet twitter-tweet-rendered\"><iframe id=\"twitter-widget-0\" class=\"\" title=\"X Post\" src=\"https:\/\/platform.twitter.com\/embed\/Tweet.html?creatorScreenName=Ambitocom&amp;dnt=false&amp;embedId=twitter-widget-0&amp;features=eyJ0ZndfdGltZWxpbmVfbGlzdCI6eyJidWNrZXQiOltdLCJ2ZXJzaW9uIjpudWxsfSwidGZ3X2ZvbGxvd2VyX2NvdW50X3N1bnNldCI6eyJidWNrZXQiOnRydWUsInZlcnNpb24iOm51bGx9LCJ0ZndfdHdlZXRfZWRpdF9iYWNrZW5kIjp7ImJ1Y2tldCI6Im9uIiwidmVyc2lvbiI6bnVsbH0sInRmd19yZWZzcmNfc2Vzc2lvbiI6eyJidWNrZXQiOiJvbiIsInZlcnNpb24iOm51bGx9LCJ0ZndfZm9zbnJfc29mdF9pbnRlcnZlbnRpb25zX2VuYWJsZWQiOnsiYnVja2V0Ijoib24iLCJ2ZXJzaW9uIjpudWxsfSwidGZ3X21peGVkX21lZGlhXzE1ODk3Ijp7ImJ1Y2tldCI6InRyZWF0bWVudCIsInZlcnNpb24iOm51bGx9LCJ0ZndfZXhwZXJpbWVudHNfY29va2llX2V4cGlyYXRpb24iOnsiYnVja2V0IjoxMjA5NjAwLCJ2ZXJzaW9uIjpudWxsfSwidGZ3X3Nob3dfYmlyZHdhdGNoX3Bpdm90c19lbmFibGVkIjp7ImJ1Y2tldCI6Im9uIiwidmVyc2lvbiI6bnVsbH0sInRmd19kdXBsaWNhdGVfc2NyaWJlc190b19zZXR0aW5ncyI6eyJidWNrZXQiOiJvbiIsInZlcnNpb24iOm51bGx9LCJ0ZndfdXNlX3Byb2ZpbGVfaW1hZ2Vfc2hhcGVfZW5hYmxlZCI6eyJidWNrZXQiOiJvbiIsInZlcnNpb24iOm51bGx9LCJ0ZndfdmlkZW9faGxzX2R5bmFtaWNfbWFuaWZlc3RzXzE1MDgyIjp7ImJ1Y2tldCI6InRydWVfYml0cmF0ZSIsInZlcnNpb24iOm51bGx9LCJ0ZndfbGVnYWN5X3RpbWVsaW5lX3N1bnNldCI6eyJidWNrZXQiOnRydWUsInZlcnNpb24iOm51bGx9LCJ0ZndfdHdlZXRfZWRpdF9mcm9udGVuZCI6eyJidWNrZXQiOiJvbiIsInZlcnNpb24iOm51bGx9fQ%3D%3D&amp;frame=false&amp;hideCard=false&amp;hideThread=false&amp;id=1790887271404609668&amp;lang=es&amp;origin=https%3A%2F%2Fwww.ambito.com%2Finformacion-general%2Fconfirman-la-muerte-un-joven-argentino-que-formaba-parte-las-fuerzas-defensa-israel-n5999119&amp;sessionId=7ea0ed35301bb45a0dc56cca509e4df7a59f82b7&amp;siteScreenName=Ambitocom&amp;theme=light&amp;widgetsVersion=2615f7e52b7e0%3A1702314776716&amp;width=550px\" frameborder=\"0\" scrolling=\"no\" allowfullscreen=\"allowfullscreen\" data-tweet-id=\"1790887271404609668\" data-mce-fragment=\"1\"><\/iframe><\/div>\n<\/div>\n<\/div>\n<\/div>\n<p>Seg\u00fan public\u00f3 Infobae,\u00a0<strong>Il\u00e1n Cohen<\/strong>\u00a0<strong>ten\u00eda 20 a\u00f1os\u00a0<\/strong>y es hijo David Oscar y Adriana Edith Zac, quienes recibieron la triste noticia por parte del c\u00f3nsul israel\u00ed. La familia estar\u00e1 viajando en las pr\u00f3ximas horas a Israel.<\/p>\n<\/article>\n","protected":false},"excerpt":{"rendered":"<p>El rabino de AMIA,\u00a0Eliahu Hamra,\u00a0anunci\u00f3 este mi\u00e9rcoles en su cuenta de X la noticia del fallecimiento de otro ciudadano argentino<\/p>\n","protected":false},"author":1,"featured_media":14659,"comment_status":"closed","ping_status":"closed","sticky":false,"template":"","format":"standard","meta":{"footnotes":"","jetpack_publicize_message":"","jetpack_publicize_feature_enabled":true,"jetpack_social_post_already_shared":true,"jetpack_social_options":{"image_generator_settings":{"template":"highway","enabled":false},"version":2}},"categories":[4],"tags":[],"class_list":["post-14658","post","type-post","status-publish","format-standard","has-post-thumbnail","hentry","category-nacionales"],"jetpack_publicize_connections":[],"_links":{"self":[{"href":"https:\/\/diariorepublica.com.ar\/web\/index.php\/wp-json\/wp\/v2\/posts\/14658"}],"collection":[{"href":"https:\/\/diariorepublica.com.ar\/web\/index.php\/wp-json\/wp\/v2\/posts"}],"about":[{"href":"https:\/\/diariorepublica.com.ar\/web\/index.php\/wp-json\/wp\/v2\/types\/post"}],"author":[{"embeddable":true,"href":"https:\/\/diariorepublica.com.ar\/web\/index.php\/wp-json\/wp\/v2\/users\/1"}],"replies":[{"embeddable":true,"href":"https:\/\/diariorepublica.com.ar\/web\/index.php\/wp-json\/wp\/v2\/comments?post=14658"}],"version-history":[{"count":1,"href":"https:\/\/diariorepublica.com.ar\/web\/index.php\/wp-json\/wp\/v2\/posts\/14658\/revisions"}],"predecessor-version":[{"id":14660,"href":"https:\/\/diariorepublica.com.ar\/web\/index.php\/wp-json\/wp\/v2\/posts\/14658\/revisions\/14660"}],"wp:featuredmedia":[{"embeddable":true,"href":"https:\/\/diariorepublica.com.ar\/web\/index.php\/wp-json\/wp\/v2\/media\/14659"}],"wp:attachment":[{"href":"https:\/\/diariorepublica.com.ar\/web\/index.php\/wp-json\/wp\/v2\/media?parent=14658"}],"wp:term":[{"taxonomy":"category","embeddable":true,"href":"https:\/\/diariorepublica.com.ar\/web\/index.php\/wp-json\/wp\/v2\/categories?post=14658"},{"taxonomy":"post_tag","embeddable":true,"href":"https:\/\/diariorepublica.com.ar\/web\/index.php\/wp-json\/wp\/v2\/tags?post=14658"}],"curies":[{"name":"wp","href":"https:\/\/api.w.org\/{rel}","templated":true}]}}