{"id":14664,"date":"2024-05-16T08:01:00","date_gmt":"2024-05-16T11:01:00","guid":{"rendered":"https:\/\/diariorepublica.com.ar\/web\/?p=14664"},"modified":"2024-05-16T08:01:02","modified_gmt":"2024-05-16T11:01:02","slug":"la-pobreza-escalo-al-49-en-el-ultimo-semestre","status":"publish","type":"post","link":"https:\/\/diariorepublica.com.ar\/web\/index.php\/economia\/2024\/05\/16\/la-pobreza-escalo-al-49-en-el-ultimo-semestre\/","title":{"rendered":"La pobreza escal\u00f3 al 49% en el \u00faltimo semestre"},"content":{"rendered":"<article class=\"article-body article-body--first-paragraph content-protected-false\" data-td-script-src=\"https:\/\/www.ambito.com\/td\/modulos\/encuestas\/js\/function-embeds-min-version-1715832476.js\">La<strong>\u00a0pobreza\u00a0escal\u00f3 hasta el 48,9% de los argentinos\u00a0<\/strong>en el\u00a0<strong>semestre noviembre-abril,<\/strong>\u00a0por lo que afecta a 29,4 millones de personas, seg\u00fan sostuvo un estudio de la\u00a0<strong>Universidad Torcuato Di Tella.<\/strong><\/p>\n<\/article>\n<article class=\"article-body article-body--second-paragraph content-protected-false\">Se trata de un\u00a0<strong>incremento de 0,6 puntos porcentuales<\/strong>\u00a0respecto del per\u00edodo\u00a0<strong>octubre-marzo\u00a0<\/strong>y de 7,2 puntos en comparaci\u00f3n con el dato semestral que la casa de estudios inform\u00f3 en diciembre pasado.<\/p>\n<article class=\"article-body article-body--third-paragraph content-protected-false\">La Canasta B\u00e1sica Total (CBT) promedio de la regi\u00f3n del Gran Buenos Aires (GBA) para el semestre de referencia se estim\u00f3 en\u00a0<strong>$203.642 por adulto<\/strong>, lo que representa un aumento interanual de 265,3%, indic\u00f3 el \u00faltimo nowcast de Di Tella.<\/p>\n<\/article>\n<article class=\"article-body article-body--fourth-paragraph content-protected-false\">Adem\u00e1s, para el promedio del ingreso total familiar (ITF), la universidad proyect\u00f3 para el semestre un incremento interanual de 196.1%.<\/p>\n<\/article>\n<article class=\"article-body article-body--remaining-paragraph content-protected-false\"><strong>\u00abCon estos datos y la simulaci\u00f3n de los microdatos de la Encuesta Permanene de Hogares (EPH) del cuarto trimestre de 2023 y del primer y segundo trimestre de 2024 se proyect\u00f3 la tasa de pobreza: el nowcast la estima en 48,9% para el semestre noviembre-abril, con un intervalo del 95% de confianza entre 47,4% y 50,4%\u00bb,\u00a0<\/strong>remarc\u00f3.<\/p>\n<p>A su vez, la incidencia proyectada se puede descomponer mecanicamente es un\u00a0<strong>promedio ponderado de una tasa de pobreza de 45,2%<\/strong>\u00a0para el bimestre noviembre-diciembre de 2023, 51,8% para el primer trimestre de 2024 y 48% para el mes de abril de 2024.<\/p>\n<p><strong>Esta proyecci\u00f3n sugiere que alrededor del 49% de las personas viven en hogares urbanos pobres.<\/strong>\u00a0La poblaci\u00f3n urbana capturada por la EPH en el semestre de referencia se estim\u00f3 en\u00a0<strong>29.4 millones de personas lo que implica que alrededor de 14.4 millones viven en hogares urbanos pobres,\u00a0<\/strong>concluy\u00f3 el nowcast de Di Tella.<\/p>\n<div id=\"7934214-Libre-1356207637_wrap\" class=\"embed_cont type_imagen\" contenteditable=\"false\"><\/div>\n<\/article>\n<\/article>\n","protected":false},"excerpt":{"rendered":"<p>La\u00a0pobreza\u00a0escal\u00f3 hasta el 48,9% de los argentinos\u00a0en el\u00a0semestre noviembre-abril,\u00a0por lo que afecta a 29,4 millones de personas, seg\u00fan sostuvo un<\/p>\n","protected":false},"author":1,"featured_media":14665,"comment_status":"closed","ping_status":"closed","sticky":false,"template":"","format":"standard","meta":{"footnotes":"","jetpack_publicize_message":"","jetpack_publicize_feature_enabled":true,"jetpack_social_post_already_shared":true,"jetpack_social_options":{"image_generator_settings":{"template":"highway","enabled":false},"version":2}},"categories":[5],"tags":[],"class_list":["post-14664","post","type-post","status-publish","format-standard","has-post-thumbnail","hentry","category-economia"],"jetpack_publicize_connections":[],"_links":{"self":[{"href":"https:\/\/diariorepublica.com.ar\/web\/index.php\/wp-json\/wp\/v2\/posts\/14664"}],"collection":[{"href":"https:\/\/diariorepublica.com.ar\/web\/index.php\/wp-json\/wp\/v2\/posts"}],"about":[{"href":"https:\/\/diariorepublica.com.ar\/web\/index.php\/wp-json\/wp\/v2\/types\/post"}],"author":[{"embeddable":true,"href":"https:\/\/diariorepublica.com.ar\/web\/index.php\/wp-json\/wp\/v2\/users\/1"}],"replies":[{"embeddable":true,"href":"https:\/\/diariorepublica.com.ar\/web\/index.php\/wp-json\/wp\/v2\/comments?post=14664"}],"version-history":[{"count":1,"href":"https:\/\/diariorepublica.com.ar\/web\/index.php\/wp-json\/wp\/v2\/posts\/14664\/revisions"}],"predecessor-version":[{"id":14666,"href":"https:\/\/diariorepublica.com.ar\/web\/index.php\/wp-json\/wp\/v2\/posts\/14664\/revisions\/14666"}],"wp:featuredmedia":[{"embeddable":true,"href":"https:\/\/diariorepublica.com.ar\/web\/index.php\/wp-json\/wp\/v2\/media\/14665"}],"wp:attachment":[{"href":"https:\/\/diariorepublica.com.ar\/web\/index.php\/wp-json\/wp\/v2\/media?parent=14664"}],"wp:term":[{"taxonomy":"category","embeddable":true,"href":"https:\/\/diariorepublica.com.ar\/web\/index.php\/wp-json\/wp\/v2\/categories?post=14664"},{"taxonomy":"post_tag","embeddable":true,"href":"https:\/\/diariorepublica.com.ar\/web\/index.php\/wp-json\/wp\/v2\/tags?post=14664"}],"curies":[{"name":"wp","href":"https:\/\/api.w.org\/{rel}","templated":true}]}}