{"id":14670,"date":"2024-05-16T10:18:53","date_gmt":"2024-05-16T13:18:53","guid":{"rendered":"https:\/\/diariorepublica.com.ar\/web\/?p=14670"},"modified":"2024-05-16T10:18:55","modified_gmt":"2024-05-16T13:18:55","slug":"paritaria-salarial-la-intersindical-docente-legalmente-no-existe","status":"publish","type":"post","link":"https:\/\/diariorepublica.com.ar\/web\/index.php\/politica\/2024\/05\/16\/paritaria-salarial-la-intersindical-docente-legalmente-no-existe\/","title":{"rendered":"Paritaria Salarial: \u00abLa intersindical Docente legalmente no existe\u00bb"},"content":{"rendered":"<p>Los Ministerios de Trabajo y Educaci\u00f3n convocaron a una reuni\u00f3n paritaria para este jueves. Lo llamativo, es que s\u00f3lo se invit\u00f3 a los gremios ATECa, SADOP y SIDCa.<\/p>\n<p>En dialogo con FM REPUBLICA 103.1, la secretaria general del gremio UDA, Nancy Aguero se refiri\u00f3 a la reuni\u00f3n paritaria de este jueves. \u00abDesconocemos si existe una reuni\u00f3n paritaria\u00bb, puntualiz\u00f3.<\/p>\n<p>En ese sentido, apunt\u00f3 que \u00abno\u00bb recibieron una invitaci\u00f3n formal, aclarando al respecto, que en casos como estos, no deben recibir \u00abinvitaci\u00f3n\u00bb, sino que se debe \u00abproducir una convocatoria\u00bb.<\/p>\n<p>A su vez, remarc\u00f3 que el gremio solicit\u00f3 al Ministerio de Educaci\u00f3n, \u00abque es nuestra patronal\u00bb, que arbitre los medios para convocar a los gremios este 15 de mayo, \u00abcosa que no ocurri\u00f3\u00bb.<\/p>\n<p>\u00abSi hay paritaria a nosotros no nos convocaron, por lo que Educaci\u00f3n debe enmendar este error, que consideramos debe ser involuntario. Porque estar\u00edan desconociendo la apertura al di\u00e1logo que siempre pregona el gobernador (Jalil) para llegar a consensos\u00bb, lanz\u00f3.<\/p>\n<p>Ante esta falta de convocatoria la sindicalista expres\u00f3 Nos llama la atenci\u00f3n teniendo en cuenta que el decreto de creaci\u00f3n de paritarias estamos incluidos todos los gremios. UDA tiene 72 a\u00f1os de vida y siempre participamos de las paritarias, por lo que desconocemos los motivos por los que nos dejan afuera en el d\u00eda de hoy.<br \/>\nQuiz\u00e1s quieran solo negociar con gremios dispuestos a firmar aumentos por debajo de la pobreza.<br \/>\nEn abril hemos elevado una nota al ministerio de Educaci\u00f3n solicitando una audiencia, entendiendo que ese el \u00e1mbito donde se deben resolver todas las cuestiones de la docencia, pero hasta el d\u00eda de hoy no tenemos respuestas. Creemos que no es el ministerio de Trabajo el que debe convocar a esta paritaria.<\/p>\n","protected":false},"excerpt":{"rendered":"<p>Los Ministerios de Trabajo y Educaci\u00f3n convocaron a una reuni\u00f3n paritaria para este jueves. Lo llamativo, es que s\u00f3lo se<\/p>\n","protected":false},"author":2,"featured_media":14671,"comment_status":"closed","ping_status":"closed","sticky":false,"template":"","format":"standard","meta":{"footnotes":"","jetpack_publicize_message":"","jetpack_publicize_feature_enabled":true,"jetpack_social_post_already_shared":true,"jetpack_social_options":{"image_generator_settings":{"template":"highway","enabled":false},"version":2}},"categories":[12],"tags":[],"class_list":["post-14670","post","type-post","status-publish","format-standard","has-post-thumbnail","hentry","category-politica"],"jetpack_publicize_connections":[],"_links":{"self":[{"href":"https:\/\/diariorepublica.com.ar\/web\/index.php\/wp-json\/wp\/v2\/posts\/14670"}],"collection":[{"href":"https:\/\/diariorepublica.com.ar\/web\/index.php\/wp-json\/wp\/v2\/posts"}],"about":[{"href":"https:\/\/diariorepublica.com.ar\/web\/index.php\/wp-json\/wp\/v2\/types\/post"}],"author":[{"embeddable":true,"href":"https:\/\/diariorepublica.com.ar\/web\/index.php\/wp-json\/wp\/v2\/users\/2"}],"replies":[{"embeddable":true,"href":"https:\/\/diariorepublica.com.ar\/web\/index.php\/wp-json\/wp\/v2\/comments?post=14670"}],"version-history":[{"count":1,"href":"https:\/\/diariorepublica.com.ar\/web\/index.php\/wp-json\/wp\/v2\/posts\/14670\/revisions"}],"predecessor-version":[{"id":14672,"href":"https:\/\/diariorepublica.com.ar\/web\/index.php\/wp-json\/wp\/v2\/posts\/14670\/revisions\/14672"}],"wp:featuredmedia":[{"embeddable":true,"href":"https:\/\/diariorepublica.com.ar\/web\/index.php\/wp-json\/wp\/v2\/media\/14671"}],"wp:attachment":[{"href":"https:\/\/diariorepublica.com.ar\/web\/index.php\/wp-json\/wp\/v2\/media?parent=14670"}],"wp:term":[{"taxonomy":"category","embeddable":true,"href":"https:\/\/diariorepublica.com.ar\/web\/index.php\/wp-json\/wp\/v2\/categories?post=14670"},{"taxonomy":"post_tag","embeddable":true,"href":"https:\/\/diariorepublica.com.ar\/web\/index.php\/wp-json\/wp\/v2\/tags?post=14670"}],"curies":[{"name":"wp","href":"https:\/\/api.w.org\/{rel}","templated":true}]}}