{"id":14673,"date":"2024-05-16T10:25:55","date_gmt":"2024-05-16T13:25:55","guid":{"rendered":"https:\/\/diariorepublica.com.ar\/web\/?p=14673"},"modified":"2024-05-16T10:25:57","modified_gmt":"2024-05-16T13:25:57","slug":"el-paro-del-soem-podria-ser-considerado-ilegal","status":"publish","type":"post","link":"https:\/\/diariorepublica.com.ar\/web\/index.php\/politica\/2024\/05\/16\/el-paro-del-soem-podria-ser-considerado-ilegal\/","title":{"rendered":"El paro del SOEM podr\u00eda ser considerado ilegal"},"content":{"rendered":"<p>El secretario de Gobierno del Municipio de la Capital, Fernando Monguillot, adelant\u00f3 que el Ejecutivo est\u00e1 analizando declarar \u201cilegal\u201d el paro por tiempo indeterminado llevado a cabo por el SOEM y descontar los d\u00edas no trabajados.<\/p>\n<p>El funcionario justific\u00f3 la medida de parte del Municipio al sostener que el gremio declar\u00f3 el paro \u201cen forma intempestiva\u201d cuando se estaba en medio de una negociaci\u00f3n salarial. Destac\u00f3 que el Ejecutivo siempre tuvo voluntad de di\u00e1logo pero que hasta que el gremio no levante el paro, los canales de negociaci\u00f3n est\u00e1n cerrados.<\/p>\n<p>El funcionario relat\u00f3 la situaci\u00f3n en la que estaban las negociaciones entre las partes antes de que el SOEM declarara la medida de fuerza, a la que consider\u00f3 como \u201cun paro desproporcionado\u201d dado el \u201ctiempo indeterminado\u201d de aqu\u00e9l.<\/p>\n<p>\u201cRecordemos que las liquidaciones salariales de los trabajadores vencen a fines de mes, por lo que est\u00e1bamos con tiempo suficiente para discutir. La medida de fuerza es incomprensible, desproporcionada e inoportuna\u201d<\/p>\n<p>Ante este panorama, afirm\u00f3 que desde el Municipio no se va a negociar \u201cbajo un manto de extorsi\u00f3n como es esta medida, que no solamente tiene una acatamiento disparar, sino que tambi\u00e9n ha mostrado situaciones extremas que nunca se hab\u00edan producido antes\u201d.<\/p>\n<p>En este sentido, mencion\u00f3 que referentes del gremio no dejaban que vecinos se puedan atender en Sanidad Municipal y que en las escuelas municipales \u201cpresionaban a las mujeres que realizan el trabajo de la limpieza para que suspendan sus actividades\u201d.<\/p>\n<p>\u201cCon la salud y con la educaci\u00f3n no se juega. Son l\u00edmites que no debemos permitir que se pasen. Es por eso que estamos estudiando declarar la ilegalidad de la medida, no solamente por lo intempestivos, lo extremo y lo inoportuno, sino tambi\u00e9n porque hay una ordenanza vigente de que el gremio debe presentar un plan de contingencia para la prestaci\u00f3n m\u00ednima de los servicios esenciales y hasta la fecha no lo ha hecho\u201d, consider\u00f3.<\/p>\n<p>Tambi\u00e9n destac\u00f3 que se est\u00e1 considerando \u201cla posibilidad de avanzar con descuentos\u201d, al considerar que el paro fue declarado por tiempo indeterminado \u201cde buenas a primeras\u201d sin siquiera permitir que se siga discutiendo.<\/p>\n","protected":false},"excerpt":{"rendered":"<p>El secretario de Gobierno del Municipio de la Capital, Fernando Monguillot, adelant\u00f3 que el Ejecutivo est\u00e1 analizando declarar \u201cilegal\u201d el<\/p>\n","protected":false},"author":2,"featured_media":14674,"comment_status":"closed","ping_status":"closed","sticky":false,"template":"","format":"standard","meta":{"footnotes":"","jetpack_publicize_message":"","jetpack_publicize_feature_enabled":true,"jetpack_social_post_already_shared":true,"jetpack_social_options":{"image_generator_settings":{"template":"highway","enabled":false},"version":2}},"categories":[12],"tags":[],"class_list":["post-14673","post","type-post","status-publish","format-standard","has-post-thumbnail","hentry","category-politica"],"jetpack_publicize_connections":[],"_links":{"self":[{"href":"https:\/\/diariorepublica.com.ar\/web\/index.php\/wp-json\/wp\/v2\/posts\/14673"}],"collection":[{"href":"https:\/\/diariorepublica.com.ar\/web\/index.php\/wp-json\/wp\/v2\/posts"}],"about":[{"href":"https:\/\/diariorepublica.com.ar\/web\/index.php\/wp-json\/wp\/v2\/types\/post"}],"author":[{"embeddable":true,"href":"https:\/\/diariorepublica.com.ar\/web\/index.php\/wp-json\/wp\/v2\/users\/2"}],"replies":[{"embeddable":true,"href":"https:\/\/diariorepublica.com.ar\/web\/index.php\/wp-json\/wp\/v2\/comments?post=14673"}],"version-history":[{"count":1,"href":"https:\/\/diariorepublica.com.ar\/web\/index.php\/wp-json\/wp\/v2\/posts\/14673\/revisions"}],"predecessor-version":[{"id":14675,"href":"https:\/\/diariorepublica.com.ar\/web\/index.php\/wp-json\/wp\/v2\/posts\/14673\/revisions\/14675"}],"wp:featuredmedia":[{"embeddable":true,"href":"https:\/\/diariorepublica.com.ar\/web\/index.php\/wp-json\/wp\/v2\/media\/14674"}],"wp:attachment":[{"href":"https:\/\/diariorepublica.com.ar\/web\/index.php\/wp-json\/wp\/v2\/media?parent=14673"}],"wp:term":[{"taxonomy":"category","embeddable":true,"href":"https:\/\/diariorepublica.com.ar\/web\/index.php\/wp-json\/wp\/v2\/categories?post=14673"},{"taxonomy":"post_tag","embeddable":true,"href":"https:\/\/diariorepublica.com.ar\/web\/index.php\/wp-json\/wp\/v2\/tags?post=14673"}],"curies":[{"name":"wp","href":"https:\/\/api.w.org\/{rel}","templated":true}]}}