{"id":14676,"date":"2024-05-16T10:34:13","date_gmt":"2024-05-16T13:34:13","guid":{"rendered":"https:\/\/diariorepublica.com.ar\/web\/?p=14676"},"modified":"2024-05-16T10:34:16","modified_gmt":"2024-05-16T13:34:16","slug":"empleados-del-senado-piden-una-base-salarial-de-700-000","status":"publish","type":"post","link":"https:\/\/diariorepublica.com.ar\/web\/index.php\/sociedad\/2024\/05\/16\/empleados-del-senado-piden-una-base-salarial-de-700-000\/","title":{"rendered":"<strong>Empleados del Senado piden una base salarial de $700.000<\/strong>"},"content":{"rendered":"<p>El referente de la Asociaci\u00f3n de Trabajadores del Senado, Juan Nieva, adelant\u00f3 que la pr\u00f3xima semana se reunir\u00e1n con funcionarios de la C\u00e1mara alta para rediscutir paritarias y que plantear\u00e1n una base salarial de $700.000 para la categor\u00eda m\u00e1s baja. Asegur\u00f3 que eso implicar\u00eda un aumento de $72.000 para esos empleados, y remarc\u00f3 que los legislativos tienen una base \u00absuperior a la del Ejecutivo\u00bb. \u00abNo tiene que ser solo para comer, el sueldo tiene que alcanzar para todo\u00bb<\/p>\n<p>Nieva sostuvo que el Senado \u00abva a estar en condiciones de pagar ese aumento siempre y cuando se haga un buen acuerdo\u00bb.<\/p>\n<p>\u00abEl Gobernador dijo que las paritarias iban a quedar por fuera de la Ley Emergencia. Fundados en eso y en la situaci\u00f3n econ\u00f3mica, creemos que podemos pedir eso para empezar\u00bb, sostuvo. Adem\u00e1s, anticip\u00f3 que plantear\u00e1n la posibilidad de que se incorpore expresamente a la Ley de Emergencia la aclaraci\u00f3n de que no implicar\u00e1 un recorte para los salarios legislativos.<\/p>\n<p>\u00a0<\/p>\n","protected":false},"excerpt":{"rendered":"<p>El referente de la Asociaci\u00f3n de Trabajadores del Senado, Juan Nieva, adelant\u00f3 que la pr\u00f3xima semana se reunir\u00e1n con funcionarios<\/p>\n","protected":false},"author":2,"featured_media":14677,"comment_status":"closed","ping_status":"closed","sticky":false,"template":"","format":"standard","meta":{"footnotes":"","jetpack_publicize_message":"","jetpack_publicize_feature_enabled":true,"jetpack_social_post_already_shared":true,"jetpack_social_options":{"image_generator_settings":{"template":"highway","enabled":false},"version":2}},"categories":[3],"tags":[],"class_list":["post-14676","post","type-post","status-publish","format-standard","has-post-thumbnail","hentry","category-sociedad"],"jetpack_publicize_connections":[],"_links":{"self":[{"href":"https:\/\/diariorepublica.com.ar\/web\/index.php\/wp-json\/wp\/v2\/posts\/14676"}],"collection":[{"href":"https:\/\/diariorepublica.com.ar\/web\/index.php\/wp-json\/wp\/v2\/posts"}],"about":[{"href":"https:\/\/diariorepublica.com.ar\/web\/index.php\/wp-json\/wp\/v2\/types\/post"}],"author":[{"embeddable":true,"href":"https:\/\/diariorepublica.com.ar\/web\/index.php\/wp-json\/wp\/v2\/users\/2"}],"replies":[{"embeddable":true,"href":"https:\/\/diariorepublica.com.ar\/web\/index.php\/wp-json\/wp\/v2\/comments?post=14676"}],"version-history":[{"count":1,"href":"https:\/\/diariorepublica.com.ar\/web\/index.php\/wp-json\/wp\/v2\/posts\/14676\/revisions"}],"predecessor-version":[{"id":14678,"href":"https:\/\/diariorepublica.com.ar\/web\/index.php\/wp-json\/wp\/v2\/posts\/14676\/revisions\/14678"}],"wp:featuredmedia":[{"embeddable":true,"href":"https:\/\/diariorepublica.com.ar\/web\/index.php\/wp-json\/wp\/v2\/media\/14677"}],"wp:attachment":[{"href":"https:\/\/diariorepublica.com.ar\/web\/index.php\/wp-json\/wp\/v2\/media?parent=14676"}],"wp:term":[{"taxonomy":"category","embeddable":true,"href":"https:\/\/diariorepublica.com.ar\/web\/index.php\/wp-json\/wp\/v2\/categories?post=14676"},{"taxonomy":"post_tag","embeddable":true,"href":"https:\/\/diariorepublica.com.ar\/web\/index.php\/wp-json\/wp\/v2\/tags?post=14676"}],"curies":[{"name":"wp","href":"https:\/\/api.w.org\/{rel}","templated":true}]}}